{"id":120,"date":"2016-06-24T11:52:42","date_gmt":"2016-06-24T10:52:42","guid":{"rendered":"http:\/\/blog.uclm.es\/momu\/?p=120"},"modified":"2016-06-24T11:52:42","modified_gmt":"2016-06-24T10:52:42","slug":"los-principales-grupos-de-interes-asisten-a-la-presentacion-del-momu","status":"publish","type":"post","link":"https:\/\/blog.uclm.es\/momu\/2016\/06\/24\/los-principales-grupos-de-interes-asisten-a-la-presentacion-del-momu\/","title":{"rendered":"Los principales grupos de inter\u00e9s asisten a la presentaci\u00f3n del MOMU"},"content":{"rendered":"<p>El equipo MOMU de la UCLM, en colaboraci\u00f3n con el Colegio de Trabajo Social de Castilla-La Mancha, present\u00f3\u00a0el proyecto europeo MOMU (Moving towards multiprofessional work) el pasado\u00a0mi\u00e9rcoles 22 de junio.<\/p>\n<p>Al acto asistieron el concejal de Servicios Sociales del Ayuntamiento de Cuenca, Jos\u00e9 Mar\u00eda P\u00e9rez; la responsable del <a href=\"http:\/\/ais.cuenca.es\">\u00c1rea de Intervenci\u00f3n Social<\/a> (AIR) del Ayuntamiento, Bego\u00f1a del Pozo; y distintos miembros del Colegio de Trabajo Social de Castilla-La Mancha.<\/p>\n<p><img loading=\"lazy\" decoding=\"async\" class=\"alignnone wp-image-122 size-large\" src=\"https:\/\/blog.uclm.es\/momu\/wp-content\/uploads\/sites\/21\/2016\/06\/encuentroMOMU-1024x683.jpg\" alt=\"encuentroMOMU\" width=\"840\" height=\"560\" srcset=\"https:\/\/blog.uclm.es\/momu\/wp-content\/uploads\/sites\/21\/2016\/06\/encuentroMOMU-1024x683.jpg 1024w, https:\/\/blog.uclm.es\/momu\/wp-content\/uploads\/sites\/21\/2016\/06\/encuentroMOMU-300x200.jpg 300w, https:\/\/blog.uclm.es\/momu\/wp-content\/uploads\/sites\/21\/2016\/06\/encuentroMOMU-768x512.jpg 768w, https:\/\/blog.uclm.es\/momu\/wp-content\/uploads\/sites\/21\/2016\/06\/encuentroMOMU-1200x800.jpg 1200w, https:\/\/blog.uclm.es\/momu\/wp-content\/uploads\/sites\/21\/2016\/06\/encuentroMOMU.jpg 1417w\" sizes=\"auto, (max-width: 709px) 85vw, (max-width: 909px) 67vw, (max-width: 1362px) 62vw, 840px\" \/><\/p>\n<p>A lo largo de una hora, los miembros del MOMU pudieron presentar los principales avances del proyecto, cuando se acerca el primer a\u00f1o de desarrollo; y pudieran intercambiar con los responsables de distintas \u00e1reas de trabajo social en la ciudad, dudas y experiencias que permitir\u00e1n desarrollar una colaboraci\u00f3n conjunta en el futuro.<\/p>\n<p><a href=\"http:\/\/blog.uclm.es\/momu\/2016\/06\/26\/momu-radio-program-on-air\/\" target=\"_blank\" rel=\"noopener noreferrer\">Enlace a la versi\u00f3n en ingl\u00e9s de la informaci\u00f3n<\/a><\/p>\n","protected":false},"excerpt":{"rendered":"<p>El equipo MOMU de la UCLM, en colaboraci\u00f3n con el Colegio de Trabajo Social de Castilla-La Mancha, present\u00f3\u00a0el proyecto europeo MOMU (Moving towards multiprofessional work) el pasado\u00a0mi\u00e9rcoles 22 de junio. Al acto asistieron el concejal de Servicios Sociales del Ayuntamiento de Cuenca, Jos\u00e9 Mar\u00eda P\u00e9rez; la responsable del \u00c1rea de Intervenci\u00f3n Social (AIR) del Ayuntamiento, &hellip; <a href=\"https:\/\/blog.uclm.es\/momu\/2016\/06\/24\/los-principales-grupos-de-interes-asisten-a-la-presentacion-del-momu\/\" class=\"more-link\">Continuar leyendo<span class=\"screen-reader-text\"> \u00abLos principales grupos de inter\u00e9s asisten a la presentaci\u00f3n del MOMU\u00bb<\/span><\/a><\/p>\n","protected":false},"author":84,"featured_media":121,"comment_status":"closed","ping_status":"open","sticky":false,"template":"","format":"standard","meta":{"footnotes":""},"categories":[3],"tags":[11,22],"class_list":["post-120","post","type-post","status-publish","format-standard","has-post-thumbnail","hentry","category-noticias","tag-dissemination","tag-momu"],"_links":{"self":[{"href":"https:\/\/blog.uclm.es\/momu\/wp-json\/wp\/v2\/posts\/120","targetHints":{"allow":["GET"]}}],"collection":[{"href":"https:\/\/blog.uclm.es\/momu\/wp-json\/wp\/v2\/posts"}],"about":[{"href":"https:\/\/blog.uclm.es\/momu\/wp-json\/wp\/v2\/types\/post"}],"author":[{"embeddable":true,"href":"https:\/\/blog.uclm.es\/momu\/wp-json\/wp\/v2\/users\/84"}],"replies":[{"embeddable":true,"href":"https:\/\/blog.uclm.es\/momu\/wp-json\/wp\/v2\/comments?post=120"}],"version-history":[{"count":0,"href":"https:\/\/blog.uclm.es\/momu\/wp-json\/wp\/v2\/posts\/120\/revisions"}],"wp:featuredmedia":[{"embeddable":true,"href":"https:\/\/blog.uclm.es\/momu\/wp-json\/wp\/v2\/media\/121"}],"wp:attachment":[{"href":"https:\/\/blog.uclm.es\/momu\/wp-json\/wp\/v2\/media?parent=120"}],"wp:term":[{"taxonomy":"category","embeddable":true,"href":"https:\/\/blog.uclm.es\/momu\/wp-json\/wp\/v2\/categories?post=120"},{"taxonomy":"post_tag","embeddable":true,"href":"https:\/\/blog.uclm.es\/momu\/wp-json\/wp\/v2\/tags?post=120"}],"curies":[{"name":"wp","href":"https:\/\/api.w.org\/{rel}","templated":true}]}}