{"id":1857,"date":"2020-12-07T17:57:45","date_gmt":"2020-12-07T16:57:45","guid":{"rendered":"http:\/\/blog.uclm.es\/manuelortega\/?p=1857"},"modified":"2020-12-07T17:57:45","modified_gmt":"2020-12-07T16:57:45","slug":"webinar-de-interaccion-persona-computador-el-17-de-diciembre-de-2020","status":"publish","type":"post","link":"https:\/\/blog.uclm.es\/manuelortega\/2020\/12\/07\/webinar-de-interaccion-persona-computador-el-17-de-diciembre-de-2020\/","title":{"rendered":"Webinar de Interacci\u00f3n Persona &#8211; Computador el 17 de diciembre de 2020"},"content":{"rendered":"\n<figure class=\"wp-block-embed-wordpress wp-block-embed is-type-wp-embed is-provider-hci-collab\"><div class=\"wp-block-embed__wrapper\">\nhttps:\/\/hci-collab.com\/2020\/01\/28\/wipo2020\/\n<\/div><\/figure>\n\n\n\n<p>El 17 de diciembre dar\u00e9 una charla en modalidad webinar sobre \u00abRealidad aumentada en la ense\u00f1anza de la Programaci\u00f3n\u00bb. El seminario tiene una duraci\u00f3n de 20 minutos y 10 minutos de preguntas.<\/p>\n\n\n\n<p>En el Webinar intentar\u00e9 explicar brevemente nuestros trabajos conjuntos entre los grupos CHICO y AIR de la UCLM en esta \u00e1rea relacionada con la Realidad Aumentada y con la ense\u00f1anza de la programaci\u00f3n colaborativa.<\/p>\n\n\n\n<p>El <a href=\"http:\/\/blog.uclm.es\/grupochico\/proyecto-iapro\/\">proyecto<\/a> est\u00e1 financiado por el anterior Ministerio de Econom\u00eda y en \u00e9l participan la UCLM, la URJC y la Universidad del Cauca (Colombia).<\/p>\n\n\n\n<p><\/p>\n","protected":false},"excerpt":{"rendered":"<p>El 17 de diciembre dar\u00e9 una charla en modalidad webinar sobre \u00abRealidad aumentada en la ense\u00f1anza de la Programaci\u00f3n\u00bb. El seminario tiene una duraci\u00f3n de 20 minutos y 10 minutos de preguntas. En el Webinar intentar\u00e9 explicar brevemente nuestros trabajos conjuntos entre los grupos CHICO y AIR de la UCLM en esta \u00e1rea relacionada con [&hellip;]<\/p>\n","protected":false},"author":57,"featured_media":0,"comment_status":"open","ping_status":"open","sticky":false,"template":"","format":"standard","meta":{"footnotes":""},"categories":[8],"tags":[],"class_list":["post-1857","post","type-post","status-publish","format-standard","hentry","category-noticias"],"_links":{"self":[{"href":"https:\/\/blog.uclm.es\/manuelortega\/wp-json\/wp\/v2\/posts\/1857","targetHints":{"allow":["GET"]}}],"collection":[{"href":"https:\/\/blog.uclm.es\/manuelortega\/wp-json\/wp\/v2\/posts"}],"about":[{"href":"https:\/\/blog.uclm.es\/manuelortega\/wp-json\/wp\/v2\/types\/post"}],"author":[{"embeddable":true,"href":"https:\/\/blog.uclm.es\/manuelortega\/wp-json\/wp\/v2\/users\/57"}],"replies":[{"embeddable":true,"href":"https:\/\/blog.uclm.es\/manuelortega\/wp-json\/wp\/v2\/comments?post=1857"}],"version-history":[{"count":0,"href":"https:\/\/blog.uclm.es\/manuelortega\/wp-json\/wp\/v2\/posts\/1857\/revisions"}],"wp:attachment":[{"href":"https:\/\/blog.uclm.es\/manuelortega\/wp-json\/wp\/v2\/media?parent=1857"}],"wp:term":[{"taxonomy":"category","embeddable":true,"href":"https:\/\/blog.uclm.es\/manuelortega\/wp-json\/wp\/v2\/categories?post=1857"},{"taxonomy":"post_tag","embeddable":true,"href":"https:\/\/blog.uclm.es\/manuelortega\/wp-json\/wp\/v2\/tags?post=1857"}],"curies":[{"name":"wp","href":"https:\/\/api.w.org\/{rel}","templated":true}]}}