{"id":1137,"date":"2019-12-12T12:36:32","date_gmt":"2019-12-12T11:36:32","guid":{"rendered":"http:\/\/blog.uclm.es\/luisarroyozapatero\/?p=1137"},"modified":"2022-11-14T15:50:37","modified_gmt":"2022-11-14T15:50:37","slug":"el-pecado-de-ecocidio","status":"publish","type":"post","link":"https:\/\/blog.uclm.es\/luisarroyozapatero\/2019\/12\/12\/el-pecado-de-ecocidio\/","title":{"rendered":"El pecado de ecocidio"},"content":{"rendered":"\n<p><strong>La Tribuna, 8 de diciembre 2019<\/strong><\/p>\n\n\n\n<p>Luis Arroyo Zapatero<\/p>\n\n\n<p>Laurent Fabius, que en Francia ha sido casi todo, desde jefe de gobierno a presidente del parlamento y ministro en varias ocasiones, hasta presidente de la COP-21, nos reconfort\u00f3 el \u00e1nimo a los espa\u00f1oles al felicitarnos por que hab\u00edamos conseguido instrumentar la cumbre del clima en tres semanas, cuando a \u00e9l en 2015 le cost\u00f3 tres a\u00f1os. Fue en la inauguraci\u00f3n en el Centro de Estudios Pol\u00edticos y Constitucionales de Madrid, en el palacio de Godoy, y en el marco de la COP-25, una jornada de presentaci\u00f3n y debate del proyecto que un grupo de profesores liderados por Mireille Delmas-Marty y Ad\u00e1n Nieto comenzaron a preparar fin de proponer un tratado internacional que incorpore al elenco de los delitos contra la humanidad el crimen de ecocidio, entendido este como un grav\u00edsimo da\u00f1o al medio ambiente que trasciende fronteras y naciones.<a href=\"https:\/\/blog.uclm.es\/luisarroyozapatero\/wp-content\/uploads\/sites\/188\/2020\/05\/El-pecado-de-ecocidio.pdf\" target=\"_blank\" rel=\"noopener\"> Leer m\u00e1s<\/a>.<\/p>\n<p>\u00a0<\/p>","protected":false},"excerpt":{"rendered":"<p>La Tribuna, 8 de diciembre 2019 Luis Arroyo Zapatero Laurent Fabius, que en Francia ha sido casi todo, desde jefe de gobierno a presidente del parlamento y ministro en varias ocasiones, hasta presidente de la COP-21, nos reconfort\u00f3 el \u00e1nimo a los espa\u00f1oles al felicitarnos por que hab\u00edamos conseguido instrumentar la cumbre del clima en &hellip; <\/p>\n<p class=\"link-more\"><a href=\"https:\/\/blog.uclm.es\/luisarroyozapatero\/2019\/12\/12\/el-pecado-de-ecocidio\/\" class=\"more-link\">Continuar leyendo<span class=\"screen-reader-text\"> \u00abEl pecado de ecocidio\u00bb<\/span><\/a><\/p>\n","protected":false},"author":265,"featured_media":1138,"comment_status":"closed","ping_status":"open","sticky":false,"template":"","format":"standard","meta":{"footnotes":""},"categories":[15],"tags":[],"class_list":["post-1137","post","type-post","status-publish","format-standard","has-post-thumbnail","hentry","category-prensa"],"_links":{"self":[{"href":"https:\/\/blog.uclm.es\/luisarroyozapatero\/wp-json\/wp\/v2\/posts\/1137","targetHints":{"allow":["GET"]}}],"collection":[{"href":"https:\/\/blog.uclm.es\/luisarroyozapatero\/wp-json\/wp\/v2\/posts"}],"about":[{"href":"https:\/\/blog.uclm.es\/luisarroyozapatero\/wp-json\/wp\/v2\/types\/post"}],"author":[{"embeddable":true,"href":"https:\/\/blog.uclm.es\/luisarroyozapatero\/wp-json\/wp\/v2\/users\/265"}],"replies":[{"embeddable":true,"href":"https:\/\/blog.uclm.es\/luisarroyozapatero\/wp-json\/wp\/v2\/comments?post=1137"}],"version-history":[{"count":2,"href":"https:\/\/blog.uclm.es\/luisarroyozapatero\/wp-json\/wp\/v2\/posts\/1137\/revisions"}],"predecessor-version":[{"id":1598,"href":"https:\/\/blog.uclm.es\/luisarroyozapatero\/wp-json\/wp\/v2\/posts\/1137\/revisions\/1598"}],"wp:featuredmedia":[{"embeddable":true,"href":"https:\/\/blog.uclm.es\/luisarroyozapatero\/wp-json\/wp\/v2\/media\/1138"}],"wp:attachment":[{"href":"https:\/\/blog.uclm.es\/luisarroyozapatero\/wp-json\/wp\/v2\/media?parent=1137"}],"wp:term":[{"taxonomy":"category","embeddable":true,"href":"https:\/\/blog.uclm.es\/luisarroyozapatero\/wp-json\/wp\/v2\/categories?post=1137"},{"taxonomy":"post_tag","embeddable":true,"href":"https:\/\/blog.uclm.es\/luisarroyozapatero\/wp-json\/wp\/v2\/tags?post=1137"}],"curies":[{"name":"wp","href":"https:\/\/api.w.org\/{rel}","templated":true}]}}