{"id":417,"date":"2014-12-18T12:14:51","date_gmt":"2014-12-18T12:14:51","guid":{"rendered":"http:\/\/blog.uclm.es\/luisarroyo\/?p=417"},"modified":"2014-12-18T12:14:51","modified_gmt":"2014-12-18T12:14:51","slug":"la-aplicacion-judicial-del-derecho-de-la-union-europea-y-el-derecho-a-la-tutela-judicial-efectiva-una-propuesta-de-sistematizacion","status":"publish","type":"post","link":"https:\/\/blog.uclm.es\/luisarroyo\/2014\/12\/18\/la-aplicacion-judicial-del-derecho-de-la-union-europea-y-el-derecho-a-la-tutela-judicial-efectiva-una-propuesta-de-sistematizacion\/","title":{"rendered":"La aplicaci\u00f3n judicial del Derecho de la Uni\u00f3n Europea y el derecho a la tutela judicial efectiva. Una propuesta de sistematizaci\u00f3n"},"content":{"rendered":"<p><a href=\"https:\/\/blog.uclm.es\/luisarroyo\/wp-content\/uploads\/sites\/90\/2014\/12\/Tribunal-Supremo_0-e1419507508343.jpg\"><img loading=\"lazy\" decoding=\"async\" class=\"alignleft wp-image-437 size-full\" src=\"https:\/\/blog.uclm.es\/luisarroyo\/wp-content\/uploads\/sites\/90\/2014\/12\/Tribunal-Supremo_0-e1419507508343.jpg\" alt=\"Tribunal-Supremo_0\" width=\"3895\" height=\"1628\" \/><\/a><\/p>\n<p style=\"text-align: justify\">Luis Arroyo Jim\u00e9nez, La aplicaci\u00f3n judicial del Derecho de la Uni\u00f3n Europea y el derecho a la tutela judicial efectiva. Una propuesta de sistematizaci\u00f3n, 102 <em>Revista Espa\u00f1ola de Derecho Constitucional<\/em>, 2014, 296-316.<\/p>\n<p style=\"text-align: justify\"><strong style=\"line-height: 1.714285714;font-size: 1rem\">Resumen<\/strong><\/p>\n<p style=\"text-align: justify\">En este art\u00edculo se analiza la aplicaci\u00f3n del Derecho de la Uni\u00f3n Europea por parte de los jueces y tribunales desde la perspectiva del derecho a la tutela judicial efectiva y a un proceso con todas las garant\u00edas, tal y como resulta protegido por el Derecho constitucional interno (art. 24 CE). Su finalidad es realizar una propuesta de sistematizaci\u00f3n de las posibles vulneraciones de las diversas normas constitucionales que el Tribunal Constitucional considera comprendidas en esa disposici\u00f3n constitucional. En particular, se identifican infracciones caracter\u00edsticas del derecho a una resoluci\u00f3n motivada (art. 24.1 CE), del derecho a una resoluci\u00f3n fundada en Derecho (art. 24.1 CE) y del derecho a un proceso con todas las garant\u00edas (art. 24.2 CE) cometidas por los \u00f3rganos judiciales en el marco de la selecci\u00f3n, interpretaci\u00f3n y aplicaci\u00f3n de las normas de Derecho de la Uni\u00f3n Europea.<\/p>\n<p style=\"text-align: justify\"><strong><em>Abstract<\/em><\/strong><\/p>\n<p style=\"text-align: justify\"><em>This paper analyses the judicial implementation of EU law from the perspective of the right to judicial effective protection and to a fair trial as it is recognized by Article 24 of the Spanish Constitution (SC). It suggests a classification of possible violations of the various rules which the Spanish Constitutional Court regards to be enshrined in that provision. Specifically, this study identifies typical violations of the right to a reasoned judgment (Article 24.1 SC), the right to a judgment founded in law (Article 24.1 SC) and the right to a fair trial (Article 24.2 SC) committed by national courts in interpreting and applying EU law.<\/em><\/p>\n","protected":false},"excerpt":{"rendered":"<p>Luis Arroyo Jim\u00e9nez, La aplicaci\u00f3n judicial del Derecho de la Uni\u00f3n Europea y el derecho a la tutela judicial efectiva. Una propuesta de sistematizaci\u00f3n, 102 Revista Espa\u00f1ola de Derecho Constitucional, 2014, 296-316. Resumen En este art\u00edculo se analiza la aplicaci\u00f3n del Derecho de la Uni\u00f3n Europea por parte de los jueces y tribunales desde la [&hellip;]<\/p>\n","protected":false},"author":11,"featured_media":0,"comment_status":"closed","ping_status":"open","sticky":false,"template":"","format":"standard","meta":{"footnotes":""},"categories":[1],"tags":[],"class_list":["post-417","post","type-post","status-publish","format-standard","hentry","category-sin-categoria"],"_links":{"self":[{"href":"https:\/\/blog.uclm.es\/luisarroyo\/wp-json\/wp\/v2\/posts\/417","targetHints":{"allow":["GET"]}}],"collection":[{"href":"https:\/\/blog.uclm.es\/luisarroyo\/wp-json\/wp\/v2\/posts"}],"about":[{"href":"https:\/\/blog.uclm.es\/luisarroyo\/wp-json\/wp\/v2\/types\/post"}],"author":[{"embeddable":true,"href":"https:\/\/blog.uclm.es\/luisarroyo\/wp-json\/wp\/v2\/users\/11"}],"replies":[{"embeddable":true,"href":"https:\/\/blog.uclm.es\/luisarroyo\/wp-json\/wp\/v2\/comments?post=417"}],"version-history":[{"count":0,"href":"https:\/\/blog.uclm.es\/luisarroyo\/wp-json\/wp\/v2\/posts\/417\/revisions"}],"wp:attachment":[{"href":"https:\/\/blog.uclm.es\/luisarroyo\/wp-json\/wp\/v2\/media?parent=417"}],"wp:term":[{"taxonomy":"category","embeddable":true,"href":"https:\/\/blog.uclm.es\/luisarroyo\/wp-json\/wp\/v2\/categories?post=417"},{"taxonomy":"post_tag","embeddable":true,"href":"https:\/\/blog.uclm.es\/luisarroyo\/wp-json\/wp\/v2\/tags?post=417"}],"curies":[{"name":"wp","href":"https:\/\/api.w.org\/{rel}","templated":true}]}}