{"id":241,"date":"2013-04-19T10:49:19","date_gmt":"2013-04-19T10:49:19","guid":{"rendered":"http:\/\/blog.uclm.es\/luisarroyo\/?p=241"},"modified":"2013-04-19T10:49:19","modified_gmt":"2013-04-19T10:49:19","slug":"responsabilidad","status":"publish","type":"post","link":"https:\/\/blog.uclm.es\/luisarroyo\/2013\/04\/19\/responsabilidad\/","title":{"rendered":"La responsabilidad patrimonial del Estado por prisi\u00f3n provisional"},"content":{"rendered":"<p style=\"text-align: justify\"><span style=\"font-family: arial,helvetica,sans-serif;font-size: small\"><a href=\"https:\/\/blog.uclm.es\/luisarroyo\/wp-content\/uploads\/sites\/90\/2013\/10\/echr.jpg\"><img loading=\"lazy\" decoding=\"async\" class=\"alignleft wp-image-314 size-full\" src=\"https:\/\/blog.uclm.es\/luisarroyo\/wp-content\/uploads\/sites\/90\/2013\/10\/echr.jpg\" alt=\"echr\" width=\"1019\" height=\"409\" srcset=\"https:\/\/blog.uclm.es\/luisarroyo\/wp-content\/uploads\/sites\/90\/2013\/10\/echr.jpg 1019w, https:\/\/blog.uclm.es\/luisarroyo\/wp-content\/uploads\/sites\/90\/2013\/10\/echr-300x120.jpg 300w, https:\/\/blog.uclm.es\/luisarroyo\/wp-content\/uploads\/sites\/90\/2013\/10\/echr-768x308.jpg 768w, https:\/\/blog.uclm.es\/luisarroyo\/wp-content\/uploads\/sites\/90\/2013\/10\/echr-624x250.jpg 624w\" sizes=\"auto, (max-width: 1019px) 100vw, 1019px\" \/><\/a><\/span><\/p>\n<p style=\"margin: 0cm 0cm 10pt;text-align: justify\"><span style=\"line-height: 115%;font-size: 11.5pt\"><span style=\"color: #000000;font-family: Calibri\">L. Arroyo Jim\u00e9nez, \u00abPuig Panella c. Espa\u00f1a. La presunci\u00f3n de inocencia y la responsabilidad patrimonial del Estado por prisi\u00f3n provisional\u00bb, en <em>Di\u00e1logo y conflicto con Europa. Las condenas a Espa\u00f1a del Tribunal Europeo de Derechos Humanos<\/em>, Rafael Alcacer, Jos\u00e9 M. S\u00e1nchez Tom\u00e1s, Margarita Belad\u00edez (eds.), Aranzadi, Pamplona, 2013, pp. 313-351.<\/span><\/span><\/p>\n<p style=\"text-align: justify\">\n","protected":false},"excerpt":{"rendered":"<p>L. Arroyo Jim\u00e9nez, \u00abPuig Panella c. Espa\u00f1a. La presunci\u00f3n de inocencia y la responsabilidad patrimonial del Estado por prisi\u00f3n provisional\u00bb, en Di\u00e1logo y conflicto con Europa. Las condenas a Espa\u00f1a del Tribunal Europeo de Derechos Humanos, Rafael Alcacer, Jos\u00e9 M. S\u00e1nchez Tom\u00e1s, Margarita Belad\u00edez (eds.), Aranzadi, Pamplona, 2013, pp. 313-351.<\/p>\n","protected":false},"author":11,"featured_media":0,"comment_status":"closed","ping_status":"open","sticky":false,"template":"","format":"standard","meta":{"footnotes":""},"categories":[1],"tags":[],"class_list":["post-241","post","type-post","status-publish","format-standard","hentry","category-sin-categoria"],"_links":{"self":[{"href":"https:\/\/blog.uclm.es\/luisarroyo\/wp-json\/wp\/v2\/posts\/241","targetHints":{"allow":["GET"]}}],"collection":[{"href":"https:\/\/blog.uclm.es\/luisarroyo\/wp-json\/wp\/v2\/posts"}],"about":[{"href":"https:\/\/blog.uclm.es\/luisarroyo\/wp-json\/wp\/v2\/types\/post"}],"author":[{"embeddable":true,"href":"https:\/\/blog.uclm.es\/luisarroyo\/wp-json\/wp\/v2\/users\/11"}],"replies":[{"embeddable":true,"href":"https:\/\/blog.uclm.es\/luisarroyo\/wp-json\/wp\/v2\/comments?post=241"}],"version-history":[{"count":0,"href":"https:\/\/blog.uclm.es\/luisarroyo\/wp-json\/wp\/v2\/posts\/241\/revisions"}],"wp:attachment":[{"href":"https:\/\/blog.uclm.es\/luisarroyo\/wp-json\/wp\/v2\/media?parent=241"}],"wp:term":[{"taxonomy":"category","embeddable":true,"href":"https:\/\/blog.uclm.es\/luisarroyo\/wp-json\/wp\/v2\/categories?post=241"},{"taxonomy":"post_tag","embeddable":true,"href":"https:\/\/blog.uclm.es\/luisarroyo\/wp-json\/wp\/v2\/tags?post=241"}],"curies":[{"name":"wp","href":"https:\/\/api.w.org\/{rel}","templated":true}]}}