{"id":228,"date":"2013-04-19T10:24:07","date_gmt":"2013-04-19T10:24:07","guid":{"rendered":"http:\/\/blog.uclm.es\/luisarroyo\/?p=228"},"modified":"2013-04-19T10:24:07","modified_gmt":"2013-04-19T10:24:07","slug":"nueva-publicacion","status":"publish","type":"post","link":"https:\/\/blog.uclm.es\/luisarroyo\/2013\/04\/19\/nueva-publicacion\/","title":{"rendered":"Hacia la normalizaci\u00f3n constitucional del Derecho de la Uni\u00f3n Europea"},"content":{"rendered":"<p style=\"text-align: justify\"><span style=\"font-family: arial,helvetica,sans-serif;font-size: small\"><a href=\"http:\/\/blog.uclm.es\/luisarroyo\/files\/2013\/04\/1322175601_740215_0000000000_noticia_normal-e1411943052630.jpg\"><img loading=\"lazy\" decoding=\"async\" class=\"alignleft wp-image-394 size-full\" src=\"https:\/\/blog.uclm.es\/luisarroyo\/wp-content\/uploads\/sites\/90\/2013\/04\/1322175601_740215_0000000000_noticia_normal-e1411943112194.jpg\" alt=\"1322175601_740215_0000000000_noticia_normal\" width=\"623\" height=\"260\" srcset=\"https:\/\/blog.uclm.es\/luisarroyo\/wp-content\/uploads\/sites\/90\/2013\/04\/1322175601_740215_0000000000_noticia_normal-e1411943112194.jpg 623w, https:\/\/blog.uclm.es\/luisarroyo\/wp-content\/uploads\/sites\/90\/2013\/04\/1322175601_740215_0000000000_noticia_normal-e1411943112194-300x125.jpg 300w\" sizes=\"auto, (max-width: 623px) 100vw, 623px\" \/><\/a><\/span><\/p>\n<p style=\"text-align: justify\">L. Arroyo Jim\u00e9nez, \u00abHacia la normalizaci\u00f3n constitucional del Derecho de la Uni\u00f3n Europea (a prop\u00f3sito de la STC 145\/2012, de 2 de junio)\u00bb, 45 <em>Revista Espa\u00f1ola de Derecho Europeo<\/em>, 2013, 139-169.<\/p>\n<p><strong>Resumen<\/strong><\/p>\n<p style=\"text-align: justify\">La STC 145\/2012, de 2 de julio, anula una sanci\u00f3n administrativa y dos resoluciones judiciales por desconocer los efectos de una Sentencia del Tribunal de Justicia que declar\u00f3 el incumplimiento por el Reino de Espa\u00f1a de las obligaciones que le incumben en virtud de las libertades de circulaci\u00f3n. Este trabajo analiza la sentencia del Tribunal Constitucional en el marco de su doctrina sobre la interacci\u00f3n entre el del Derecho de Uni\u00f3n Europea y el Derecho constitucional interno. En \u00e9l se discuten, en particular, las relaciones entre la aplicaci\u00f3n judicial del Derecho de la Uni\u00f3n Europea y las diversas normas adscritas al derecho a la tutela judicial efectiva, de un lado, y entre aqu\u00e9lla y el principio de legalidad sancionadora, de otro.<\/p>\n<p style=\"text-align: justify\"><strong>Abstract<\/strong><\/p>\n<p style=\"text-align: justify\">The Judgment of the Spanish Constitutional Court No. 145\/2012, of 2 July 2012, annulled an administrative sanction and two judicial decisions which did not take into consideration a Judgment by which the Court of Justice declared that the Kingdom of Spain had failed to fulfil its obligations under the freedoms of movement. This paper analyses the ruling of the Constitutional Court in the light of its case-law on the interaction between EU Law and the Spanish constitutional order. Specifically, it discusses the relationship between the judicial implementation of EU Law and the contents of the right to judicial effective protection, on the one hand, and between the former and the principle of legality, on the other hand.<\/p>\n","protected":false},"excerpt":{"rendered":"<p>L. Arroyo Jim\u00e9nez, \u00abHacia la normalizaci\u00f3n constitucional del Derecho de la Uni\u00f3n Europea (a prop\u00f3sito de la STC 145\/2012, de 2 de junio)\u00bb, 45 Revista Espa\u00f1ola de Derecho Europeo, 2013, 139-169. Resumen La STC 145\/2012, de 2 de julio, anula una sanci\u00f3n administrativa y dos resoluciones judiciales por desconocer los efectos de una Sentencia del [&hellip;]<\/p>\n","protected":false},"author":11,"featured_media":0,"comment_status":"closed","ping_status":"open","sticky":false,"template":"","format":"standard","meta":{"footnotes":""},"categories":[1],"tags":[],"class_list":["post-228","post","type-post","status-publish","format-standard","hentry","category-sin-categoria"],"_links":{"self":[{"href":"https:\/\/blog.uclm.es\/luisarroyo\/wp-json\/wp\/v2\/posts\/228","targetHints":{"allow":["GET"]}}],"collection":[{"href":"https:\/\/blog.uclm.es\/luisarroyo\/wp-json\/wp\/v2\/posts"}],"about":[{"href":"https:\/\/blog.uclm.es\/luisarroyo\/wp-json\/wp\/v2\/types\/post"}],"author":[{"embeddable":true,"href":"https:\/\/blog.uclm.es\/luisarroyo\/wp-json\/wp\/v2\/users\/11"}],"replies":[{"embeddable":true,"href":"https:\/\/blog.uclm.es\/luisarroyo\/wp-json\/wp\/v2\/comments?post=228"}],"version-history":[{"count":0,"href":"https:\/\/blog.uclm.es\/luisarroyo\/wp-json\/wp\/v2\/posts\/228\/revisions"}],"wp:attachment":[{"href":"https:\/\/blog.uclm.es\/luisarroyo\/wp-json\/wp\/v2\/media?parent=228"}],"wp:term":[{"taxonomy":"category","embeddable":true,"href":"https:\/\/blog.uclm.es\/luisarroyo\/wp-json\/wp\/v2\/categories?post=228"},{"taxonomy":"post_tag","embeddable":true,"href":"https:\/\/blog.uclm.es\/luisarroyo\/wp-json\/wp\/v2\/tags?post=228"}],"curies":[{"name":"wp","href":"https:\/\/api.w.org\/{rel}","templated":true}]}}