{"id":992,"date":"2020-02-29T00:29:00","date_gmt":"2020-02-28T23:29:00","guid":{"rendered":"http:\/\/blog.uclm.es\/josemariaherranz\/?p=992"},"modified":"2020-02-29T00:29:00","modified_gmt":"2020-02-28T23:29:00","slug":"aprendiendo-a-desviralizar-la-desinformacion","status":"publish","type":"post","link":"https:\/\/blog.uclm.es\/josemariaherranz\/2020\/02\/29\/aprendiendo-a-desviralizar-la-desinformacion\/","title":{"rendered":"Aprendiendo a (des)viralizar la (des)informaci\u00f3n"},"content":{"rendered":"\n<p>Con este t\u00edtulo Sara Garc\u00eda y yo hemos realizado un taller en el XII Seminario de Medios de Comunicaci\u00f3n y Cooperaci\u00f3n Internacional en Cuenca, organizado por C\u00e1ritas y la Asociaci\u00f3n de la Prensa. Algunas de las ideas de las que hemos hablado est\u00e1n recogidas en el texto que aparece a continuaci\u00f3n.&nbsp;<\/p>\n\n\n\n<p>Durante mucho tiempo, y especialmente a lo largo del siglo XX, los peri\u00f3dicos, el cine, la radio y la televisi\u00f3n han tenido un protagonismo fundamental en la ciudadan\u00eda. Sin embargo, la popularizaci\u00f3n de Internet a finales de siglo y el desarrollo de la telefon\u00eda m\u00f3vil, y las redes sociales han eclipsado la hegemon\u00eda de los medios m\u00e1s tradicionales.&nbsp;<\/p>\n\n\n\n<p>Hemos pasado de la era Gutemberg (Imprenta) a la era Zuckerberg (Facebook), de la era del limitado acceso a la informaci\u00f3n a la era de la sobreinformaci\u00f3n sin que los ciudadanos hayan aprendido todav\u00eda en muchos casos a adaptarse a este nuevo ecosistema en el que conviven medios de comunicaci\u00f3n anal\u00f3gicos y digitales (Herranz y Cantero, 2019, p.29 )<\/p>\n\n\n\n<p>El art\u00edculo 20.1.d) de la Constituci\u00f3n espa\u00f1ola dice que se reconocen y protegen los derechos:&nbsp;&nbsp;\u201cA comunicar o recibir libremente informaci\u00f3n veraz por cualquier medio de difusi\u00f3n. La ley regular\u00e1 el derecho a la cl\u00e1usula de conciencia y al secreto profesional en el ejercicio de estas libertades\u201d. El periodista tiene la obligaci\u00f3n de publicar informaci\u00f3n veraz, porque es lo que le ampara en la Constituci\u00f3n. Como se\u00f1ala Alex Grijelmo (2012, p. 397)<\/p>\n\n\n\n<p>&nbsp;\u201clo \u00abveraz\u00bb excluye el silencio manipulador, porque \u00abveraz\u00bb implica decir la verdad: entendida esta palabra como la coincidencia entre lo que hay en la mente y lo que se transmite en realidad. Si se omite algo relevante, ya no se produce esa coincidencia [\u2026] Lo \u00abverdadero\u00bb, por el contrario, puede -puede, insistimos- incluir el efecto manipulador del silencio sin dejar de ser verdadero, puesto que a lo nombrado por tal palabra s\u00f3lo se le exige contener verdad para responder a la primera acepci\u00f3n del Diccionario [\u2026] \u00abverdadero\u00bb se opone, pues a \u00abfalso\u00bb o \u00aberr\u00f3neo\u00bb y \u00abveraz\u00bb se opone a \u00abenga\u00f1oso\u00bb\u201d&nbsp;(Grijelmo, 2012, p. 397).<\/p>\n\n\n\n<p>Y frente al concepto de veracidad, que es la piedra filosofal de cualquier periodista se encuentra el concepto de desinformaci\u00f3n.&nbsp;&nbsp;Durandin (1995, p. 21-22) se\u00f1ala que la palabra desinformaci\u00f3n viene del t\u00e9rmino ruso&nbsp;<em>dezinformatsia<\/em>, y que \u201cAparece en el diccionario de la lengua rusa de S. Ojegov en 1949, donde se define como:&nbsp;\u00abLa acci\u00f3n de inducir a error mediante el uso de informaciones falsas\u00bb\u201d. Con posterioridad otros documentos matizan que el t\u00e9rmino es de origen franc\u00e9s y la edici\u00f3n del 1978 del&nbsp;<em>Petit dictionnaire politique<\/em>lo define as\u00ed: \u201cla desinformaci\u00f3n supone presentar como verdadera una noticia provocadora y falsa con el fin de inducir a error a la opini\u00f3n p\u00fablica. La desinformaci\u00f3n es muy utilizada por la prensa burguesa, que se sirve de ella, de la radio, de la televisi\u00f3n y de los dem\u00e1s medios de comunicaci\u00f3n para lanzar campa\u00f1as anticomunistas y calumnias contra los pa\u00edses socialistas\u201d (Durandin, 1995, p. 21-22).&nbsp;<\/p>\n\n\n\n<p>Lo que hace m\u00e1s de cuarenta a\u00f1os planteaba la dicotom\u00eda entre ideolog\u00edas, ahora vuelve a reaparecer bajo el concepto de&nbsp;<em>fake news<\/em>,&nbsp;noticias falsas, bulos, leyendas urbanasy con&nbsp;connotaciones no solo ideol\u00f3gicas sino tambi\u00e9n pol\u00edticas, culturales o econ\u00f3micas. Romero (2019) define la desinformaci\u00f3n como:&nbsp;&nbsp;&nbsp;<\/p>\n\n\n\n<figure class=\"wp-block-image size-large\"><img loading=\"lazy\" decoding=\"async\" width=\"1024\" height=\"768\" src=\"https:\/\/blog.uclm.es\/josemariaherranz\/wp-content\/uploads\/sites\/241\/2020\/02\/seminario6.jpg\" alt=\"\" class=\"wp-image-1009\" srcset=\"https:\/\/blog.uclm.es\/josemariaherranz\/wp-content\/uploads\/sites\/241\/2020\/02\/seminario6.jpg 1024w, https:\/\/blog.uclm.es\/josemariaherranz\/wp-content\/uploads\/sites\/241\/2020\/02\/seminario6-300x225.jpg 300w, https:\/\/blog.uclm.es\/josemariaherranz\/wp-content\/uploads\/sites\/241\/2020\/02\/seminario6-768x576.jpg 768w, https:\/\/blog.uclm.es\/josemariaherranz\/wp-content\/uploads\/sites\/241\/2020\/02\/seminario6-624x468.jpg 624w\" sizes=\"auto, (max-width: 1024px) 100vw, 1024px\" \/><figcaption>Sara Garc\u00eda y Jos\u00e9 Mar\u00eda Herranz, durante la presentaci\u00f3n<\/figcaption><\/figure>\n\n\n\n<p>\u00abLa difusi\u00f3n intencionada de informaci\u00f3n no rigurosa que busca minar la confianza p\u00fablica, distorsionar los hechos, transmitir una determinada forma de percibir la realidad y explotar vulnerabilidades con el objetivo de desestabilizar. Y ya no estamos hablando de filosof\u00eda; estamos hablando de obtener ventajas pol\u00edticas, de minar los valores democr\u00e1ticos, de extender una nueva narrativa para, en definitiva, cambiar nuestra realidad. Y tambi\u00e9n de una forma nueva, barata y eficaz de injerencia, como puso sobre la mesa la posible interferencia rusa en las elecciones estadounidenses de 2016, el refer\u00e9ndum del&nbsp;<a href=\"https:\/\/especiales.realinstitutoelcano.org\/brexit\/\"><em>Brexit<\/em>,&nbsp;<\/a>los procesos electorales de Francia y Alemania o lo ocurrido en Catalu\u00f1a\u00bb (Romero, 2019).<\/p>\n\n\n\n<p>La cuesti\u00f3n no es que los procesos de desinformaci\u00f3n o la elaboraci\u00f3n de noticias falsas sea nuevo, sino que el nuevo contexto de Internet y las redes sociales aceleran la distribuci\u00f3n y socializaci\u00f3n de los contenidos. Massot (2017) afirma que las informaciones circulan tan masiva y aceleradamente en las redes sociales que tendemos a agarrarlas y retransmitirlas con el mismo instinto compulsivo que el de un jugador de ping-pong: las capta y rebota, sin detenerse a comprobar su veracidad. Y en las \u00faltimas semanas el tema del coronavirus ha puesto de manifiesto muchos de estos elementos, llegando a criminalizar a los ciudadanos chinos, y ahora en Espa\u00f1a a los italianos como importadores de la enfermedad a Espa\u00f1a.&nbsp;<\/p>\n\n\n\n<p>La&nbsp;<a href=\"https:\/\/firstdraftnews.org\/en\/education\/curriculum-resource\/first-drafts-essential-guides\/\">organizaci\u00f3n FirstDraft ha desarrollado una serie de gu\u00edas<\/a> para explicar el fen\u00f3meno. En ellas se puede encontrar tres conceptos relacionados con la desinformaci\u00f3n:&nbsp;<\/p>\n\n\n\n<ul class=\"wp-block-list\"><li><strong>Misinformation<\/strong>: Cuando se comparte la&nbsp;<em>disinformation<\/em> y la persona desconoce que es falsa o enga\u00f1osa.<\/li><li><strong>Disinformation<\/strong>: Contenido intencionalmente falso y dise\u00f1ado para causar da\u00f1o. Motivado por tres factores distintos: ganar dinero; tener una influencia pol\u00edtica; o causar problemas.<\/li><li><strong>Malinformation<\/strong>: Informaci\u00f3n que se comparte con la intenci\u00f3n de causar da\u00f1o.<\/li><\/ul>\n\n\n\n<p>Y proporciona una gradaci\u00f3n de esta desinformaci\u00f3n que puede llegar a ser de los menos da\u00f1ina y con un objetivo puramente c\u00f3mico o sarc\u00e1stico (Noticias de medios sat\u00edricos como&nbsp;<a href=\"https:\/\/www.elmundotoday.com\/\">El Mundo Today<\/a> o&nbsp;<a href=\"https:\/\/www.revistamongolia.com\/\">Revista Mongolia<\/a>) hasta fabricar contenidos y noticias falso con un objetivo claro de enga\u00f1ar. En este punto, la&nbsp;<a href=\"https:\/\/www.ted.com\/talks\/carole_cadwalladr_facebook_s_role_in_brexit_and_the_threat_to_democracy?language=es\">periodista Carole Cadwalladr investig\u00f3 la campa\u00f1a del Brexit<\/a> y descubri\u00f3 los resultados de un aluvi\u00f3n de anuncios enga\u00f1osos de Facebook dirigidos a votantes vulnerables que pudieron decantar la votaci\u00f3n final. Una investigaci\u00f3n conectada directamente con los datos privados de 50 millones de usuarios de Facebook que fueron secuestrados por la empresa&nbsp;<a href=\"https:\/\/www.bbc.com\/mundo\/noticias-43472797\">Cambridge Analytica<\/a>.&nbsp;<\/p>\n\n\n\n<p>Los sistemas de desinformaci\u00f3n se perfeccionan y la inteligencia artificial se puede llegar a utilizar para seguir enga\u00f1ando, y aparece el&nbsp;<a href=\"https:\/\/retina.elpais.com\/retina\/2018\/09\/17\/innovacion\/1537177382_367863.html\">concepto de Deep Fake<\/a>. Y en aqu\u00ed tambi\u00e9n se pueden encontrar v\u00eddeos humor\u00edsticos como el del&nbsp;<a href=\"https:\/\/www.youtube.com\/watch?v=dj5M4s-cdAw\">Equipo E<\/a> o v\u00eddeos que pueden&nbsp;<a href=\"https:\/\/www.eldiario.es\/tecnologia\/candidato-lenguas-oficial-deepfakes-politica_0_998100615.html\">manipular a los ciudadanos<\/a>.&nbsp;<\/p>\n\n\n\n<p>En este contexto, la labor de los periodistas como verificadores de la informaci\u00f3n cobra mayor relevancia y se ha abierto un nuevo campo de trabajo para luchar contra la desinformaci\u00f3n como&nbsp;proyectos como <em><a href=\"https:\/\/maldita.es\">Maldito Bulo<\/a><\/em> o&nbsp;<i><a href=\"https:\/\/saveahater.accem.es\">Newtral<\/a><\/i> y algunos espec\u00edficos contra la desinformaci\u00f3n en el \u00e1rea de los colectivos vulnerables como<a href=\"https:\/\/stoprumores.com\/que-es-stop-rumores\/\">&nbsp;<em>Stop Rumores<\/em> de Andaluc\u00eda Acoge<\/a> o&nbsp;<a href=\"https:\/\/saveahater.accem.es\"><em>Save the Hater<\/em> de Accem<\/a>.<\/p>\n\n\n\n<div class=\"wp-block-image\"><figure class=\"aligncenter size-large is-resized\"><img loading=\"lazy\" decoding=\"async\" src=\"https:\/\/blog.uclm.es\/josemariaherranz\/files\/2020\/02\/Captura-de-pantalla-2020-02-28-a-las-0.18.21.png\" alt=\"\" class=\"wp-image-993\" width=\"530\" height=\"926\" srcset=\"https:\/\/blog.uclm.es\/josemariaherranz\/wp-content\/uploads\/sites\/241\/2020\/02\/Captura-de-pantalla-2020-02-28-a-las-0.18.21.png 530w, https:\/\/blog.uclm.es\/josemariaherranz\/wp-content\/uploads\/sites\/241\/2020\/02\/Captura-de-pantalla-2020-02-28-a-las-0.18.21-172x300.png 172w\" sizes=\"auto, (max-width: 530px) 100vw, 530px\" \/><figcaption><a href=\"https:\/\/firstdraftnews.org\/en\/education\/curriculum-resource\/first-drafts-essential-guides\/\">Fuente: FirstDraft (2019)  Understanding Information disorder<\/a><\/figcaption><\/figure><\/div>\n\n\n\n<p>Por \u00faltimo quiero acabar aportando algunas ideas que hay que tener en cuenta a la hora de afrontar la informaci\u00f3n que nos llega al m\u00f3vil e intentar saber si es veraz o falsa:&nbsp;<\/p>\n\n\n\n<ul class=\"wp-block-list\"><li>Cuidado con los mensajes e informaci\u00f3n que apelan al sentimentalismo, sensacionalismo y dramatismo.<\/li><li>Mira qui\u00e9n te ha mandado la informaci\u00f3n, qui\u00e9n la ha publicado y conf\u00eda en las fuentes oficiales.<\/li><li>Cuidado con las fotos, v\u00eddeos y audios sacados de contexto o inventados. Ya hay herramientas como las de Google (<a href=\"https:\/\/images.google.com\/\">Google Image<\/a>) &nbsp;o <a href=\"https:\/\/tineye.com\">TinEye <\/a>que permiten buscar im\u00e1genes para saber su origen.<\/li><li>Ante la duda, espera, mira y no compartas la informaci\u00f3n que te llega.&nbsp;<\/li><\/ul>\n\n\n\n<p><\/p>\n\n\n\n<p><em><strong>Bibliograf\u00eda<\/strong><\/em><\/p>\n\n\n\n<p><\/p>\n\n\n\n<p>Alandente; D. (2019). <em>Fake news: la nueva arma de destrucci\u00f3n masiva<\/em>. Barcelona: Deusto. <\/p>\n\n\n\n<p>Amores, M. (2018). <em>Fake news. La verdad de las noticias falsas<\/em>. Barcelona: Plataforma Actual. <\/p>\n\n\n\n<p>Durandin, G. (1995).&nbsp;<em>La informaci\u00f3n, la desinformaci\u00f3n y la realidad<\/em>. Barcelona: Paidos.<\/p>\n\n\n\n<p>Grijelmo, A. (2012).&nbsp;<em>La informaci\u00f3n del silencio. C\u00f3mo se miente contando hechos verdaderos<\/em>. Madrid: Taurus.&nbsp;&nbsp;<\/p>\n\n\n\n<p>Herranz, J.M. y Cantero, J.I. (2019). El tratamiento informativo de los colectivos vulnerables en los medios de comunicaci\u00f3n. \u00bfVeracidad, desinformaci\u00f3n o estereotipos? En E. G\u00f3mez (coord.)&nbsp;<em>Imagen, Estigma y Derechos humanos: Claves para abordar la vulnerabilidad y la exclusion social desde el trabajo social y la comunicaci\u00f3n<\/em>, pp. 29-62. Valencia: Editorial Tirant Lo Blanch.&nbsp;<\/p>\n\n\n\n<p>Jim\u00e9nez, I. (2020). <em>La nueva desinformaci\u00f3n. Veinte ensayos breves contra la manipulaci\u00f3n.<\/em> Barcelona: Editorial UOC.<\/p>\n\n\n\n<p>Magall\u00f3n, R. (2019). <em>Unfaking news. C\u00f3mo combatir la desinformaci\u00f3n<\/em>. Madrid: Pir\u00e1mide. <\/p>\n\n\n\n<p>Massot, J. (2017, 26 diciembre). Fake news: cuando la opini\u00f3n vale m\u00e1s que los hechos. La Vanguardia. Disponible:&nbsp;<a href=\"https:\/\/goo.gl\/KYcoMK\">https:\/\/goo.gl\/KYcoMK<\/a><\/p>\n\n\n\n<p>Romero, J. A. (2019). Desinformaci\u00f3n: Concepto y perspectivas.&nbsp;An\u00e1lisis del Real Instituto Elcano (ARI), (41), 1.<\/p>\n\n\n\n<p>Seoane, F. ; P\u00e9rez, O. y Sarikakis, K. (2019). <a href=\"http:\/\/www.revistaeic.eu\/index.php\/raeic\/issue\/view\/discursos_del_odio\">Los discuros del odio. Revista de la Asociaci\u00f3n Espa\u00f1ola de Investigadores de la Comunicaci\u00f3n<\/a>. Vol, 6, n\u00ba 12. N\u00famero especial.<\/p>\n\n\n\n<p><\/p>\n","protected":false},"excerpt":{"rendered":"<p>Con este t\u00edtulo Sara Garc\u00eda y yo hemos realizado un taller en el XII Seminario de Medios de Comunicaci\u00f3n y Cooperaci\u00f3n Internacional en Cuenca, organizado por C\u00e1ritas y la Asociaci\u00f3n de la Prensa. Algunas de las ideas de las que hemos hablado est\u00e1n recogidas en el texto que aparece a continuaci\u00f3n.&nbsp; Durante mucho tiempo, y [&hellip;]<\/p>\n","protected":false},"author":84,"featured_media":1008,"comment_status":"closed","ping_status":"open","sticky":false,"template":"","format":"standard","meta":{"footnotes":""},"categories":[2],"tags":[31,74,77],"class_list":["post-992","post","type-post","status-publish","format-standard","has-post-thumbnail","hentry","category-noticias","tag-docencia","tag-seminariojornada","tag-teoria-del-periodismo"],"_links":{"self":[{"href":"https:\/\/blog.uclm.es\/josemariaherranz\/wp-json\/wp\/v2\/posts\/992","targetHints":{"allow":["GET"]}}],"collection":[{"href":"https:\/\/blog.uclm.es\/josemariaherranz\/wp-json\/wp\/v2\/posts"}],"about":[{"href":"https:\/\/blog.uclm.es\/josemariaherranz\/wp-json\/wp\/v2\/types\/post"}],"author":[{"embeddable":true,"href":"https:\/\/blog.uclm.es\/josemariaherranz\/wp-json\/wp\/v2\/users\/84"}],"replies":[{"embeddable":true,"href":"https:\/\/blog.uclm.es\/josemariaherranz\/wp-json\/wp\/v2\/comments?post=992"}],"version-history":[{"count":0,"href":"https:\/\/blog.uclm.es\/josemariaherranz\/wp-json\/wp\/v2\/posts\/992\/revisions"}],"wp:featuredmedia":[{"embeddable":true,"href":"https:\/\/blog.uclm.es\/josemariaherranz\/wp-json\/wp\/v2\/media\/1008"}],"wp:attachment":[{"href":"https:\/\/blog.uclm.es\/josemariaherranz\/wp-json\/wp\/v2\/media?parent=992"}],"wp:term":[{"taxonomy":"category","embeddable":true,"href":"https:\/\/blog.uclm.es\/josemariaherranz\/wp-json\/wp\/v2\/categories?post=992"},{"taxonomy":"post_tag","embeddable":true,"href":"https:\/\/blog.uclm.es\/josemariaherranz\/wp-json\/wp\/v2\/tags?post=992"}],"curies":[{"name":"wp","href":"https:\/\/api.w.org\/{rel}","templated":true}]}}