{"id":95,"date":"2015-12-02T09:25:36","date_gmt":"2015-12-02T08:25:36","guid":{"rendered":"http:\/\/blog.uclm.es\/josemariaherranz\/?p=95"},"modified":"2015-12-02T09:25:36","modified_gmt":"2015-12-02T08:25:36","slug":"jorge-jaramillo-presenta-el-auge-del-periodismo-agroalimentario-y-el-mundo-rural","status":"publish","type":"post","link":"https:\/\/blog.uclm.es\/josemariaherranz\/2015\/12\/02\/jorge-jaramillo-presenta-el-auge-del-periodismo-agroalimentario-y-el-mundo-rural\/","title":{"rendered":"Jorge Jaramillo presenta el auge del periodismo agroalimentario y el mundo rural"},"content":{"rendered":"<p>El pasado martes d\u00eda 1 de diciembre tuvo\u00a0lugar en la Facultad de Periodismo, una conferencia a cargo de Jorge Jaramillo, presentador de\u00a0\u201cEl Campo\u201d\u00a0en Castilla-La Mancha Televisi\u00f3n y del programa agrario\u00a0\u201cA pie de campo\u201d\u00a0en la Radio de Castilla-La Mancha, con el t\u00edtulo: \u201cPeriodismo agroalimentario y mundo rural\u201d.<\/p>\n<p>A lo largo de casi dos horas, y dentro de la asignatura de Taller de Periodismo Especializado, Jorge Jaramillo explic\u00f3 a los alumnos la relevancia que tiene la informaci\u00f3n agroalimentaria y del mundo rural en una regi\u00f3n como Castilla-La Mancha. El programa que el dirige en la televisi\u00f3n y la radio p\u00fablica es uno de los m\u00e1s seguidos por las audiencias.<\/p>\n<p><img loading=\"lazy\" decoding=\"async\" class=\"aligncenter wp-image-99 size-large\" src=\"https:\/\/blog.uclm.es\/josemariaherranz\/wp-content\/uploads\/sites\/241\/2015\/12\/jorgejaramillo2-1024x682.jpg\" alt=\"jorgejaramillo2\" width=\"625\" height=\"416\" srcset=\"https:\/\/blog.uclm.es\/josemariaherranz\/wp-content\/uploads\/sites\/241\/2015\/12\/jorgejaramillo2-1024x682.jpg 1024w, https:\/\/blog.uclm.es\/josemariaherranz\/wp-content\/uploads\/sites\/241\/2015\/12\/jorgejaramillo2-300x200.jpg 300w, https:\/\/blog.uclm.es\/josemariaherranz\/wp-content\/uploads\/sites\/241\/2015\/12\/jorgejaramillo2-768x512.jpg 768w, https:\/\/blog.uclm.es\/josemariaherranz\/wp-content\/uploads\/sites\/241\/2015\/12\/jorgejaramillo2-624x416.jpg 624w, https:\/\/blog.uclm.es\/josemariaherranz\/wp-content\/uploads\/sites\/241\/2015\/12\/jorgejaramillo2.jpg 1181w\" sizes=\"auto, (max-width: 625px) 100vw, 625px\" \/><\/p>\n<p><strong>Perfil del invitado<\/strong><\/p>\n<p>Jorge Jaramillo es periodista de Castilla-La Mancha Televisi\u00f3n especializado en informaci\u00f3n agroalimentaria con m\u00e1s de 15 a\u00f1os de experiencia en el sector. Es el responsable del espacio radiof\u00f3nico <a href=\"http:\/\/www.rtvcm.es\/radio\/programas\/a-pie-de-campo\/\" target=\"_blank\" rel=\"noopener\">\u201cA Pie de Campo\u201d<\/a> que la Radio de Castilla-La Mancha ofrece los s\u00e1bados de 8 a 9 de la ma\u00f1ana desde hace 10 a\u00f1os. Cuenta en su haber con m\u00e1s de 10 premios de instituciones como el Parlamento Europeo, el Ministerio de Agricultura, y de organizaciones agrarias y cooperativas de la comunidad y de otras regiones, en reconocimiento a su calidad informativa, su rigor, y a la atenci\u00f3n que presta al sector. En estos momentos, tambi\u00e9n cuenta con un espacio en televisi\u00f3n presentando el espacio informativo diario <a href=\"http:\/\/www.rtvcm.es\/television\/programas\/el-campo\/\" target=\"_blank\" rel=\"noopener\">\u201cEl Campo\u201d<\/a>.<\/p>\n","protected":false},"excerpt":{"rendered":"<p>El pasado martes d\u00eda 1 de diciembre tuvo\u00a0lugar en la Facultad de Periodismo, una conferencia a cargo de Jorge Jaramillo, presentador de\u00a0\u201cEl Campo\u201d\u00a0en Castilla-La Mancha Televisi\u00f3n y del programa agrario\u00a0\u201cA pie de campo\u201d\u00a0en la Radio de Castilla-La Mancha, con el t\u00edtulo: \u201cPeriodismo agroalimentario y mundo rural\u201d. A lo largo de casi dos horas, y dentro [&hellip;]<\/p>\n","protected":false},"author":84,"featured_media":97,"comment_status":"closed","ping_status":"open","sticky":false,"template":"","format":"standard","meta":{"footnotes":""},"categories":[2],"tags":[10,31,74,76],"class_list":["post-95","post","type-post","status-publish","format-standard","has-post-thumbnail","hentry","category-noticias","tag-agricultura","tag-docencia","tag-seminariojornada","tag-taller-de-periodismo-especializado"],"_links":{"self":[{"href":"https:\/\/blog.uclm.es\/josemariaherranz\/wp-json\/wp\/v2\/posts\/95","targetHints":{"allow":["GET"]}}],"collection":[{"href":"https:\/\/blog.uclm.es\/josemariaherranz\/wp-json\/wp\/v2\/posts"}],"about":[{"href":"https:\/\/blog.uclm.es\/josemariaherranz\/wp-json\/wp\/v2\/types\/post"}],"author":[{"embeddable":true,"href":"https:\/\/blog.uclm.es\/josemariaherranz\/wp-json\/wp\/v2\/users\/84"}],"replies":[{"embeddable":true,"href":"https:\/\/blog.uclm.es\/josemariaherranz\/wp-json\/wp\/v2\/comments?post=95"}],"version-history":[{"count":0,"href":"https:\/\/blog.uclm.es\/josemariaherranz\/wp-json\/wp\/v2\/posts\/95\/revisions"}],"wp:featuredmedia":[{"embeddable":true,"href":"https:\/\/blog.uclm.es\/josemariaherranz\/wp-json\/wp\/v2\/media\/97"}],"wp:attachment":[{"href":"https:\/\/blog.uclm.es\/josemariaherranz\/wp-json\/wp\/v2\/media?parent=95"}],"wp:term":[{"taxonomy":"category","embeddable":true,"href":"https:\/\/blog.uclm.es\/josemariaherranz\/wp-json\/wp\/v2\/categories?post=95"},{"taxonomy":"post_tag","embeddable":true,"href":"https:\/\/blog.uclm.es\/josemariaherranz\/wp-json\/wp\/v2\/tags?post=95"}],"curies":[{"name":"wp","href":"https:\/\/api.w.org\/{rel}","templated":true}]}}