{"id":920,"date":"2019-12-19T20:55:00","date_gmt":"2019-12-19T19:55:00","guid":{"rendered":"http:\/\/blog.uclm.es\/josemariaherranz\/?p=920"},"modified":"2019-12-19T20:55:00","modified_gmt":"2019-12-19T19:55:00","slug":"finalizan-las-clases-del-primer-cuatrimestre","status":"publish","type":"post","link":"https:\/\/blog.uclm.es\/josemariaherranz\/2019\/12\/19\/finalizan-las-clases-del-primer-cuatrimestre\/","title":{"rendered":"Finalizan las clases del primer cuatrimestre"},"content":{"rendered":"\n<p>Hoy han finalizado las clases del primer cuatrimestre y ha sido una experiencia bastante satisfactoria con los alumnos de primero de Teor\u00eda del Periodismo. Hac\u00eda tiempo que no daba clase en primero, y ha sido una grata vuelta a las aulas de los alumnos que inician su camino como periodistas. <\/p>\n\n\n\n<p>Tambi\u00e9n este primer cuatrimestre he finalizado las clases del Taller de Periodismo Especializado y de Periodismo Pol\u00edtico y Judicial, donde hemos experimentado con el periodismo m\u00e1s profesional posible, participando en la realizaci\u00f3n de varios programas para el <a href=\"http:\/\/blog.uclm.es\/josemariaherranz\/2020\/01\/30\/el-agora-radio-profesional-con-cmm-desde-las-asignaturas-de-periodismo\/\">programa El \u00c1gora de CMM<\/a>.<\/p>\n","protected":false},"excerpt":{"rendered":"<p>Hoy han finalizado las clases del primer cuatrimestre y ha sido una experiencia bastante satisfactoria con los alumnos de primero de Teor\u00eda del Periodismo. Hac\u00eda tiempo que no daba clase en primero, y ha sido una grata vuelta a las aulas de los alumnos que inician su camino como periodistas. Tambi\u00e9n este primer cuatrimestre he [&hellip;]<\/p>\n","protected":false},"author":84,"featured_media":982,"comment_status":"closed","ping_status":"open","sticky":false,"template":"","format":"standard","meta":{"footnotes":""},"categories":[2],"tags":[31,39,61,66,76,77],"class_list":["post-920","post","type-post","status-publish","format-standard","has-post-thumbnail","hentry","category-noticias","tag-docencia","tag-facultad-de-comunicacion","tag-periodismo-politico","tag-radio","tag-taller-de-periodismo-especializado","tag-teoria-del-periodismo"],"_links":{"self":[{"href":"https:\/\/blog.uclm.es\/josemariaherranz\/wp-json\/wp\/v2\/posts\/920","targetHints":{"allow":["GET"]}}],"collection":[{"href":"https:\/\/blog.uclm.es\/josemariaherranz\/wp-json\/wp\/v2\/posts"}],"about":[{"href":"https:\/\/blog.uclm.es\/josemariaherranz\/wp-json\/wp\/v2\/types\/post"}],"author":[{"embeddable":true,"href":"https:\/\/blog.uclm.es\/josemariaherranz\/wp-json\/wp\/v2\/users\/84"}],"replies":[{"embeddable":true,"href":"https:\/\/blog.uclm.es\/josemariaherranz\/wp-json\/wp\/v2\/comments?post=920"}],"version-history":[{"count":0,"href":"https:\/\/blog.uclm.es\/josemariaherranz\/wp-json\/wp\/v2\/posts\/920\/revisions"}],"wp:featuredmedia":[{"embeddable":true,"href":"https:\/\/blog.uclm.es\/josemariaherranz\/wp-json\/wp\/v2\/media\/982"}],"wp:attachment":[{"href":"https:\/\/blog.uclm.es\/josemariaherranz\/wp-json\/wp\/v2\/media?parent=920"}],"wp:term":[{"taxonomy":"category","embeddable":true,"href":"https:\/\/blog.uclm.es\/josemariaherranz\/wp-json\/wp\/v2\/categories?post=920"},{"taxonomy":"post_tag","embeddable":true,"href":"https:\/\/blog.uclm.es\/josemariaherranz\/wp-json\/wp\/v2\/tags?post=920"}],"curies":[{"name":"wp","href":"https:\/\/api.w.org\/{rel}","templated":true}]}}