{"id":883,"date":"2019-08-26T19:19:42","date_gmt":"2019-08-26T18:19:42","guid":{"rendered":"http:\/\/blog.uclm.es\/josemariaherranz\/?p=883"},"modified":"2019-08-26T19:19:42","modified_gmt":"2019-08-26T18:19:42","slug":"directivos-periodistas-y-academicos-debaten-sobre-la-economia-del-futbol-en-los-cursos-de-verano","status":"publish","type":"post","link":"https:\/\/blog.uclm.es\/josemariaherranz\/2019\/08\/26\/directivos-periodistas-y-academicos-debaten-sobre-la-economia-del-futbol-en-los-cursos-de-verano\/","title":{"rendered":"Directivos, periodistas y acad\u00e9micos debaten sobre la econom\u00eda del f\u00fatbol en los cursos de verano"},"content":{"rendered":"\n<p>Los pr\u00f3ximos d\u00edas 12 y 13 de septiembre, la Facultad de Comunicaci\u00f3n de la Universidad de Castilla-La Mancha acoge una nueva edici\u00f3n del curso de verano titulado: \u201cPeriodismo y deporte: De la econom\u00eda del f\u00fatbol a la pr\u00e1ctica deportiva\u201d.<\/p>\n\n\n\n<p>El deporte, y en especial el f\u00fatbol, genera riqueza y mueve grandes recursos econ\u00f3micos entorno a la competiciones que se organizan.&nbsp; No solo los fichajes y los patrocinios sino tambi\u00e9n los derechos de televisi\u00f3n o el turismo que atrae a las ciudades donde se desarrollan los eventos. Sin embargo, la pr\u00e1ctica deportiva tambi\u00e9n genera bienestar f\u00edsico y es un recurso educativo muy potente para ni\u00f1os y adultos en el \u00e1mbito m\u00e1s local. En este curso se presentar\u00e1n todas estas dimensiones y el protagonismo que los periodistas dan a cada una de ellas.<\/p>\n\n\n\n<p>Para ello, periodistas de Marca, Mundo Deportivo, EFE, El Mundo o TVE; directivos de clubes como el Albacete Balompi\u00e9 o acad\u00e9micos especialistas en econom\u00eda y deporte pretenden reflexionar sobre la relevancia de la econom\u00eda del deporte. Adem\u00e1s, ser\u00e1 motivo de debate el papel que juegan los medios de comunicaci\u00f3n a la hora de difundir la informaci\u00f3n sobre fichajes, patrocinios o derechos de emisi\u00f3n de los eventos deportivos, especialmente del f\u00fatbol.<\/p>\n\n\n\n<figure class=\"wp-block-image\"><img loading=\"lazy\" decoding=\"async\" width=\"537\" height=\"365\" src=\"https:\/\/blog.uclm.es\/josemariaherranz\/files\/2020\/01\/cursoverano5.jpg\" alt=\"\" class=\"wp-image-884\" srcset=\"https:\/\/blog.uclm.es\/josemariaherranz\/wp-content\/uploads\/sites\/241\/2020\/01\/cursoverano5.jpg 537w, https:\/\/blog.uclm.es\/josemariaherranz\/wp-content\/uploads\/sites\/241\/2020\/01\/cursoverano5-300x204.jpg 300w\" sizes=\"auto, (max-width: 537px) 100vw, 537px\" \/><\/figure>\n\n\n\n<p>Como se\u00f1ala una de sus directores, el profesor de la facultad, Jos\u00e9 Mar\u00eda Herranz: \u201cel curso est\u00e1 proyectado desde principios de este a\u00f1o, y el conflicto entre la Liga y la Federaci\u00f3n de f\u00fatbol en el mes de agosto sobre los horarios de los partidos demuestra que la econom\u00eda determina la pr\u00e1ctica de un deporte profesional como el f\u00fatbol, y c\u00f3mo este tema es de total actualidad para su discusi\u00f3n con los principales actores: directivos, periodistas, deportistas y acad\u00e9micos\u201d.<\/p>\n\n\n\n<p>Este curso est\u00e1 organizado por profesores de la Facultad de Comunicaci\u00f3n y cuenta con la colaboraci\u00f3n de la Fundaci\u00f3n Caparr\u00f3s y Fundaci\u00f3n de la Federaci\u00f3n de F\u00fatbol de Castilla-La Mancha. El programa del curso es el siguiente:<\/p>\n\n\n\n<h5 class=\"wp-block-heading\">PROGRAMA<\/h5>\n\n\n\n<h6 class=\"wp-block-heading\">D\u00eda 12 de septiembre<\/h6>\n\n\n\n<p>09:00 h. Entrega documentaci\u00f3n<\/p>\n\n\n\n<p>09:15 h. Inauguraci\u00f3n del Curso<\/p>\n\n\n\n<p>M\u00aa \u00c1ngeles Zurilla Cari\u00f1ana<\/p>\n\n\n\n<p><em>Vicerrectora de Cultura, Deporte y Extensi\u00f3n Universitaria UCLM<\/em><\/p>\n\n\n\n<p>Jos\u00e9 Mar\u00eda Herranz de la Casa<\/p>\n\n\n\n<p><em>Director del Curso. Profesor de la UCLM<\/em><\/p>\n\n\n\n<p>Antonio Escribano Ramos<\/p>\n\n\n\n<p><em>Presidente de la Federaci\u00f3n de F\u00fatbol de Castilla-La Mancha<\/em><\/p>\n\n\n\n<p><strong>9:30 h. Ponencia.<\/strong><strong>&nbsp;Planteamientos b\u00e1sicos sobre la econom\u00eda del deporte.&nbsp;<\/strong><\/p>\n\n\n\n<p>Pl\u00e1cido Rodr\u00edguez Guerrero<\/p>\n\n\n\n<p><em>Catedr\u00e1tico Universidad de Oviedo<\/em><\/p>\n\n\n\n<p><strong>10:45 h.&nbsp;<\/strong>Pausa Caf\u00e9.<\/p>\n\n\n\n<p><strong>11:00 h.&nbsp; Mesa Redonda. Periodismo y poder: e<\/strong><strong>l negocio del f\u00fatbol.<\/strong><\/p>\n\n\n\n<p><strong>Participantes<\/strong>: Javier Arnanz, asesor jur\u00eddico de la Asociaci\u00f3n de Futbolistas Espa\u00f1oles (AFE); Orfeo Su\u00e1rez, diario El Mundo; Juan Ignacio Cantero, profesor UCLM<\/p>\n\n\n\n<p><strong>12:30 h. Mesa Redonda. El negocio que rodea al f\u00fatbol.<br><\/strong><\/p>\n\n\n\n<p><strong>Participantes<\/strong>: Juan Carlos Rivero, TVE; &nbsp;Conrado Molina, dircom Salones El Dorado; Jos\u00e9 Mar\u00eda Herranz, profesor UCLM.<\/p>\n\n\n\n<p><strong>14:00 h<\/strong>. Comida<\/p>\n\n\n\n<p><strong>16:30 h.<\/strong>&nbsp;<strong>Mesa Redonda. Jugadores y medios de comunicaci\u00f3n&nbsp;<\/strong><strong>\u00bfQui\u00e9nes son los protagonistas de la econom\u00eda del deporte?<\/strong><\/p>\n\n\n\n<p><strong>Participantes:&nbsp;<\/strong>Lorena Gonz\u00e1lez, periodista;&nbsp; V\u00edctor Varela, Vicepresidente y CEO del Albacete Balompi\u00e9; Federico Quintero, consejero delegado El Desmarque-Mediaset; Rub\u00e9n Ramos, profesor UCLM y ex dircom del Real Zaragoza; Alberto Val, periodista El Deporte Conquense.<\/p>\n\n\n\n<p><strong>18:00 h.&nbsp;<\/strong>Final primer d\u00eda<\/p>\n\n\n\n<hr class=\"wp-block-separator\" \/>\n\n\n\n<h6 class=\"wp-block-heading\">D\u00eda 13 de septiembre<\/h6>\n\n\n\n<p><strong>9:30 h. Ponencia. La pr\u00e1ctica deportiva como recurso educativo y saludable<\/strong><\/p>\n\n\n\n<p>Sixto Gonz\u00e1lez Villora<\/p>\n\n\n\n<p><em>Profesor y decano de la Facultad de Educaci\u00f3n de Cuenca.<\/em><\/p>\n\n\n\n<p><strong>10:30 h.&nbsp;<\/strong>Pausa Caf\u00e9.<\/p>\n\n\n\n<p><strong>10:45 h.<\/strong>&nbsp;<strong>Mesa Redonda.<\/strong><strong>&nbsp;Emprendimiento y periodismo deportivo: el f\u00fatbol como protagonista<\/strong><\/p>\n\n\n\n<p><strong>Participantes<\/strong>: Joaqu\u00edn Caparros, entrenador de f\u00fatbol; Roberto G\u00f3mez, periodista; Luis Villarejo, Agencia Efe; Juan Luis Manfredi, profesor UCLM.<\/p>\n\n\n\n<p><strong>12:00 h.<\/strong>&nbsp;&nbsp;<strong>Mesa Redonda.&nbsp;<\/strong><strong>El negocio del f\u00fatbol desde los medios de comunicaci\u00f3n<\/strong>.<\/p>\n\n\n\n<p><strong>Participantes<\/strong>: Juan Ignacio Gallardo, director de Marca;&nbsp; Cristina Cubero, subdirectora de El Mundo Deportivo.<\/p>\n\n\n\n<p><strong>13:30 h.<\/strong>&nbsp;<strong>Clausura<\/strong><\/p>\n\n\n\n<p>Toda la informaci\u00f3n para realizar la matr\u00edcula sobre&nbsp;<a href=\"https:\/\/cursosweb.uclm.es\/index.aspx?cod_categoria=CUV\">los cursos de verano est\u00e1 disponible en la web de la Universidad de Castilla-La Mancha<\/a>.<\/p>\n","protected":false},"excerpt":{"rendered":"<p>Los pr\u00f3ximos d\u00edas 12 y 13 de septiembre, la Facultad de Comunicaci\u00f3n de la Universidad de Castilla-La Mancha acoge una nueva edici\u00f3n del curso de verano titulado: \u201cPeriodismo y deporte: De la econom\u00eda del f\u00fatbol a la pr\u00e1ctica deportiva\u201d. El deporte, y en especial el f\u00fatbol, genera riqueza y mueve grandes recursos econ\u00f3micos entorno a [&hellip;]<\/p>\n","protected":false},"author":84,"featured_media":885,"comment_status":"closed","ping_status":"open","sticky":false,"template":"","format":"standard","meta":{"footnotes":""},"categories":[2],"tags":[25,38,58],"class_list":["post-883","post","type-post","status-publish","format-standard","has-post-thumbnail","hentry","category-noticias","tag-curso-verano","tag-evento","tag-periodismo-deportivo"],"_links":{"self":[{"href":"https:\/\/blog.uclm.es\/josemariaherranz\/wp-json\/wp\/v2\/posts\/883","targetHints":{"allow":["GET"]}}],"collection":[{"href":"https:\/\/blog.uclm.es\/josemariaherranz\/wp-json\/wp\/v2\/posts"}],"about":[{"href":"https:\/\/blog.uclm.es\/josemariaherranz\/wp-json\/wp\/v2\/types\/post"}],"author":[{"embeddable":true,"href":"https:\/\/blog.uclm.es\/josemariaherranz\/wp-json\/wp\/v2\/users\/84"}],"replies":[{"embeddable":true,"href":"https:\/\/blog.uclm.es\/josemariaherranz\/wp-json\/wp\/v2\/comments?post=883"}],"version-history":[{"count":0,"href":"https:\/\/blog.uclm.es\/josemariaherranz\/wp-json\/wp\/v2\/posts\/883\/revisions"}],"wp:featuredmedia":[{"embeddable":true,"href":"https:\/\/blog.uclm.es\/josemariaherranz\/wp-json\/wp\/v2\/media\/885"}],"wp:attachment":[{"href":"https:\/\/blog.uclm.es\/josemariaherranz\/wp-json\/wp\/v2\/media?parent=883"}],"wp:term":[{"taxonomy":"category","embeddable":true,"href":"https:\/\/blog.uclm.es\/josemariaherranz\/wp-json\/wp\/v2\/categories?post=883"},{"taxonomy":"post_tag","embeddable":true,"href":"https:\/\/blog.uclm.es\/josemariaherranz\/wp-json\/wp\/v2\/tags?post=883"}],"curies":[{"name":"wp","href":"https:\/\/api.w.org\/{rel}","templated":true}]}}