{"id":785,"date":"2019-11-14T17:49:41","date_gmt":"2019-11-14T16:49:41","guid":{"rendered":"http:\/\/blog.uclm.es\/josemariaherranz\/?p=785"},"modified":"2019-11-14T17:49:41","modified_gmt":"2019-11-14T16:49:41","slug":"arturo-quijano-visita-la-facultad-de-comunicacion","status":"publish","type":"post","link":"https:\/\/blog.uclm.es\/josemariaherranz\/2019\/11\/14\/arturo-quijano-visita-la-facultad-de-comunicacion\/","title":{"rendered":"Arturo Quijano visita la Facultad de Comunicaci\u00f3n"},"content":{"rendered":"\n<p>El profesor de la Universidad Complutense Arturo G\u00f3mez Quijano visit\u00f3 la Facultad de Comunicaci\u00f3n el 12 de noviembre en una sesi\u00f3n organizada por las asignaturas de Taller de periodismo Especializado I y de Historia del Periodismo espa\u00f1ol. <\/p>\n\n\n\n<ul class=\"wp-block-gallery columns-2 is-cropped wp-block-gallery-1 is-layout-flex wp-block-gallery-is-layout-flex\"><li class=\"blocks-gallery-item\"><figure><img loading=\"lazy\" decoding=\"async\" width=\"750\" height=\"500\" src=\"https:\/\/blog.uclm.es\/josemariaherranz\/files\/2020\/01\/arturoquijano2.jpg\" alt=\"\" data-id=\"844\" data-link=\"https:\/\/blog.uclm.es\/josemariaherranz\/?attachment_id=844\" class=\"wp-image-844\" srcset=\"https:\/\/blog.uclm.es\/josemariaherranz\/wp-content\/uploads\/sites\/241\/2020\/01\/arturoquijano2.jpg 750w, https:\/\/blog.uclm.es\/josemariaherranz\/wp-content\/uploads\/sites\/241\/2020\/01\/arturoquijano2-300x200.jpg 300w, https:\/\/blog.uclm.es\/josemariaherranz\/wp-content\/uploads\/sites\/241\/2020\/01\/arturoquijano2-624x416.jpg 624w\" sizes=\"auto, (max-width: 750px) 100vw, 750px\" \/><\/figure><\/li><li class=\"blocks-gallery-item\"><figure><img loading=\"lazy\" decoding=\"async\" width=\"750\" height=\"500\" src=\"https:\/\/blog.uclm.es\/josemariaherranz\/files\/2020\/01\/arturoquijano1.jpg\" alt=\"\" data-id=\"846\" data-link=\"https:\/\/blog.uclm.es\/josemariaherranz\/?attachment_id=846\" class=\"wp-image-846\" srcset=\"https:\/\/blog.uclm.es\/josemariaherranz\/wp-content\/uploads\/sites\/241\/2020\/01\/arturoquijano1.jpg 750w, https:\/\/blog.uclm.es\/josemariaherranz\/wp-content\/uploads\/sites\/241\/2020\/01\/arturoquijano1-300x200.jpg 300w, https:\/\/blog.uclm.es\/josemariaherranz\/wp-content\/uploads\/sites\/241\/2020\/01\/arturoquijano1-624x416.jpg 624w\" sizes=\"auto, (max-width: 750px) 100vw, 750px\" \/><\/figure><\/li><\/ul>\n\n\n\n<p>En su conferencia present\u00f3 su nuevo libro: Manual urgente de periodismo en tiempos de redes sociales (en 333 tuits). Un libro que es frtuo de sus clase de Periodismo en la Universidad Complutense de Madrid a lo largo de los 7 a\u00f1os de trabajo en ella. En \u00e9l aparecen toda una serie de tweet de sus alumnos, resultado de la aportaciones de los 89 periodistas que han pasado a lo largo de sus clases. A partir de conceptos como el oficio, pasando por las fuentes, el profesiona, la redaci\u00f3n, el producto, la tecnolog\u00eda, la audiencia, el proyecto, la credibilidad y el futuro disecciona la profesi\u00f3n de periodista desde el pasado hasta el futuro. <br><\/p>\n","protected":false},"excerpt":{"rendered":"<p>El profesor de la Universidad Complutense Arturo G\u00f3mez Quijano visit\u00f3 la Facultad de Comunicaci\u00f3n el 12 de noviembre en una sesi\u00f3n organizada por las asignaturas de Taller de periodismo Especializado I y de Historia del Periodismo espa\u00f1ol. En su conferencia present\u00f3 su nuevo libro: Manual urgente de periodismo en tiempos de redes sociales (en 333 [&hellip;]<\/p>\n","protected":false},"author":84,"featured_media":843,"comment_status":"closed","ping_status":"open","sticky":false,"template":"","format":"standard","meta":{"footnotes":""},"categories":[2],"tags":[20,31,59],"class_list":["post-785","post","type-post","status-publish","format-standard","has-post-thumbnail","hentry","category-noticias","tag-conferencia","tag-docencia","tag-periodismo-especializado"],"_links":{"self":[{"href":"https:\/\/blog.uclm.es\/josemariaherranz\/wp-json\/wp\/v2\/posts\/785","targetHints":{"allow":["GET"]}}],"collection":[{"href":"https:\/\/blog.uclm.es\/josemariaherranz\/wp-json\/wp\/v2\/posts"}],"about":[{"href":"https:\/\/blog.uclm.es\/josemariaherranz\/wp-json\/wp\/v2\/types\/post"}],"author":[{"embeddable":true,"href":"https:\/\/blog.uclm.es\/josemariaherranz\/wp-json\/wp\/v2\/users\/84"}],"replies":[{"embeddable":true,"href":"https:\/\/blog.uclm.es\/josemariaherranz\/wp-json\/wp\/v2\/comments?post=785"}],"version-history":[{"count":0,"href":"https:\/\/blog.uclm.es\/josemariaherranz\/wp-json\/wp\/v2\/posts\/785\/revisions"}],"wp:featuredmedia":[{"embeddable":true,"href":"https:\/\/blog.uclm.es\/josemariaherranz\/wp-json\/wp\/v2\/media\/843"}],"wp:attachment":[{"href":"https:\/\/blog.uclm.es\/josemariaherranz\/wp-json\/wp\/v2\/media?parent=785"}],"wp:term":[{"taxonomy":"category","embeddable":true,"href":"https:\/\/blog.uclm.es\/josemariaherranz\/wp-json\/wp\/v2\/categories?post=785"},{"taxonomy":"post_tag","embeddable":true,"href":"https:\/\/blog.uclm.es\/josemariaherranz\/wp-json\/wp\/v2\/tags?post=785"}],"curies":[{"name":"wp","href":"https:\/\/api.w.org\/{rel}","templated":true}]}}