{"id":771,"date":"2019-04-08T23:11:35","date_gmt":"2019-04-08T22:11:35","guid":{"rendered":"http:\/\/blog.uclm.es\/josemariaherranz\/?p=771"},"modified":"2019-04-08T23:11:35","modified_gmt":"2019-04-08T22:11:35","slug":"la-comunicacion-de-la-responsabilidad-social-y-los-objetivos-de-desarrollo-sostenible-en-6dircomuclm","status":"publish","type":"post","link":"https:\/\/blog.uclm.es\/josemariaherranz\/2019\/04\/08\/la-comunicacion-de-la-responsabilidad-social-y-los-objetivos-de-desarrollo-sostenible-en-6dircomuclm\/","title":{"rendered":"La comunicaci\u00f3n de la responsabilidad social y los Objetivos de Desarrollo Sostenible en #6DircomUCLM"},"content":{"rendered":"\n<p>El pasado 2 de abril se celebr\u00f3 la sexta edici\u00f3n del Seminario \u00abDe las Relaciones P\u00fablicas a la Comunicaci\u00f3n Corporativa\u00bb que este a\u00f1o ha girado entorno a la pregunta \u00bfC\u00f3mo comunicar la responsabilidad social y\/o los Objetivos de Desarrollo Sostenible? <\/p>\n\n\n\n<p>La jornada cont\u00f3 con cuatro ponente que trabajan en estas \u00e1reas de comunicaci\u00f3n, responsabilidad social y ODS. \u00a0Todos ellos trasladaron las estrategias que desarrollan en sus respectivas organizaciones. <\/p>\n\n\n\n<h5 class=\"wp-block-heading\"><strong>La ciudadan\u00eda pelea cada vez m\u00e1s por los cambios<\/strong><\/h5>\n\n\n\n<p>La primera ponencia cont\u00f3 con Natalia Montero, directora de comunicaci\u00f3n de For\u00e9tica, y comenzaba su char con la frase\u00a0<em>\u201cLa ciudadan\u00eda pelea cada vez m\u00e1s por los cambios\u201d.\u00a0<\/em>Natalia consigui\u00f3 que la sala formase parte de su discurso y respondiesen de forma objetiva una serie de preguntas \u00a0a trav\u00e9s de una aplicaci\u00f3n para m\u00f3viles. Preguntas como\u00a0<em>\u201c\u00bfQu\u00e9 practica de sostenibilidad llevas a cabo con m\u00e1s frecuencia en tu vida diaria?\u201d O \u201cAnte dos productos de similares caracter\u00edsticas \u00bfComprar\u00edas el m\u00e1s responsable?\u201d. \u00a0<\/em>Natalia Montero asegur\u00f3 que cada a\u00f1o consumimos m\u00e1s recursos del planeta de los que tenemos y en el mes de agosto habremos gastado ya 1,6 planetas, y los recursos ya agotados.<\/p>\n\n\n\n<p>Cinco de los principales riesgos est\u00e1n relacionados con el cambio clim\u00e1tico. Unos riesgos que cada d\u00eda se pueden observar a nuestro alrededor y de los que ignoramos sus cercanas consecuencias.&nbsp;<em>\u201cEspa\u00f1a est\u00e1 en el puesto 25 de entre todos los pa\u00edses que colaboran con la agenda 20130\u201d<\/em>confirmaba la ponente, siendo los pa\u00edses n\u00f3rdicos los que ocupan las primeras posiciones y los pa\u00edses en desarrollo los \u00faltimos de la lista. Montero termin\u00f3 su ponencia haciendo hincapi\u00e9 en lo necesario que es que todos seamos participes del cambio<em>\u201cDa igual el color pol\u00edtico y el nivel social en el que est\u00e9s. Las ODS nos afectan a todos y por ello tenemos que ir en el mismo barco\u201d.<\/em><\/p>\n\n\n\n<h5 class=\"wp-block-heading\"><strong>&nbsp;Si no hay una buena gesti\u00f3n es dif\u00edcil comunicar algo interesante<\/strong><\/h5>\n\n\n\n<p>Vanesa Rodr\u00edguez, directora de comunicaci\u00f3n de Pacto Mundial, fue la segunda de las ponentes de la ma\u00f1ana. Rodr\u00edguez advirti\u00f3 que\u00a0<em>\u201csi no hay una buena gesti\u00f3n es dif\u00edcil comunicar algo interesante\u201d<\/em>.\u00a0La directora de comunicaci\u00f3n de Pacto Mundial tambi\u00e9n habl\u00f3 del objetivo que tienen las empresas en Espa\u00f1a a d\u00eda de hoy\u00a0<em>\u201cEn Espa\u00f1a se est\u00e1 buscando que en 2020 todo el mundo sepa lo que son los ODS. Un objetivo que de momento se est\u00e1 cumpliendo positivamente\u201d<\/em>. Pero que para que esto contin\u00fae se tiene que mantener la transparencia tanto de las ODS como de las RSC.\u00a0Vanesa Rodr\u00edguez quiso terminar la ponencia con una serie de recomendaciones dirigidas en mayor medida a las empresas, empleados y proveedores. Y enviando un mensaje a las entidades que piensan que la comunicaci\u00f3n es prescindible\u00a0<em>\u201cLa reputaci\u00f3n no la da la comunicaci\u00f3n pero una mala comunicaci\u00f3n si da una mala reputaci\u00f3n\u201d.<\/em><\/p>\n\n\n\n<p>La jornada finaliz\u00f3 con un taller dirigido por Elisa Bayo, responsable del \u00e1rea de Voluntariado y Cooperaci\u00f3n Internacional de C\u00e1ritas Diocesana de Cuenca y por el profesor de la UCLM, Jos\u00e9 Mar\u00eda Herranz. En este taller &nbsp;los alumnos tuvieron el mayor protagonismo. Se formaron cuatro equipos y se lanzaron varias preguntas, c\u00f3mo cu\u00e1nto cuesta un kg de pipas en el supermercado o cu\u00e1nto le pagan a un agricultor por cultivar ese mismo kg. Cada uno de los grupos obtendr\u00eda un premio dependiendo si se acercaban m\u00e1s o menos a la cifra correcta seg\u00fan la pregunta. A los participantes del seminario les sorprendi\u00f3 lo equivocados que estaban y la diferencia que exist\u00eda entre lo que pensaban que costar\u00eda y lo que en realidad costaba.&nbsp;Finalmente cada grupo obtuvo su premio, que consist\u00eda en unas cajas que conten\u00edan la basura recogida por los propios conductores del taller en distintos puntos de Cuenca: El barrio del castillo, la hoz del R\u00edo Huecar, el lecho del R\u00edo J\u00facar y el puente de San Ant\u00f3n.&nbsp;En las cajas se encontraban desde botellas de pl\u00e1stico, latas, toallitas, botellas de vidrio, etc. Al final de esta din\u00e1mica, se pas\u00f3 un formulario donde los participantes tuvieron que calcular el porcentaje &nbsp;de pl\u00e1stico, papel, vidrio y restos org\u00e1nicos que se encontraron en cada premio, y si intu\u00edan que los residuos hab\u00edan sido tirados por adultos o ni\u00f1os.&nbsp;&nbsp;A trav\u00e9s de esta din\u00e1mica, los estudiantes descubrir que los ODS nos afectan directamente en nuestro d\u00eda a d\u00eda, y es responsabilidad de todos actuar inmediatamente.<\/p>\n\n\n\n<p>Con&nbsp;<a href=\"http:\/\/observador.uclm.es\/?tag=dircomuclm\">esta nueva edici\u00f3n, el Seminario de las Relaciones P\u00fablicas a la Comunicaci\u00f3n Corporativa<\/a>&nbsp;afianza sus aportaciones sobre las distintas dimensiones de la comunicaci\u00f3n corporativa.<\/p>\n","protected":false},"excerpt":{"rendered":"<p>El pasado 2 de abril se celebr\u00f3 la sexta edici\u00f3n del Seminario \u00abDe las Relaciones P\u00fablicas a la Comunicaci\u00f3n Corporativa\u00bb que este a\u00f1o ha girado entorno a la pregunta \u00bfC\u00f3mo comunicar la responsabilidad social y\/o los Objetivos de Desarrollo Sostenible? La jornada cont\u00f3 con cuatro ponente que trabajan en estas \u00e1reas de comunicaci\u00f3n, responsabilidad social [&hellip;]<\/p>\n","protected":false},"author":84,"featured_media":694,"comment_status":"closed","ping_status":"open","sticky":false,"template":"","format":"standard","meta":{"footnotes":""},"categories":[2],"tags":[7,18,74],"class_list":["post-771","post","type-post","status-publish","format-standard","has-post-thumbnail","hentry","category-noticias","tag-dircomuclm","tag-comunicacion-corporativa","tag-seminariojornada"],"_links":{"self":[{"href":"https:\/\/blog.uclm.es\/josemariaherranz\/wp-json\/wp\/v2\/posts\/771","targetHints":{"allow":["GET"]}}],"collection":[{"href":"https:\/\/blog.uclm.es\/josemariaherranz\/wp-json\/wp\/v2\/posts"}],"about":[{"href":"https:\/\/blog.uclm.es\/josemariaherranz\/wp-json\/wp\/v2\/types\/post"}],"author":[{"embeddable":true,"href":"https:\/\/blog.uclm.es\/josemariaherranz\/wp-json\/wp\/v2\/users\/84"}],"replies":[{"embeddable":true,"href":"https:\/\/blog.uclm.es\/josemariaherranz\/wp-json\/wp\/v2\/comments?post=771"}],"version-history":[{"count":0,"href":"https:\/\/blog.uclm.es\/josemariaherranz\/wp-json\/wp\/v2\/posts\/771\/revisions"}],"wp:featuredmedia":[{"embeddable":true,"href":"https:\/\/blog.uclm.es\/josemariaherranz\/wp-json\/wp\/v2\/media\/694"}],"wp:attachment":[{"href":"https:\/\/blog.uclm.es\/josemariaherranz\/wp-json\/wp\/v2\/media?parent=771"}],"wp:term":[{"taxonomy":"category","embeddable":true,"href":"https:\/\/blog.uclm.es\/josemariaherranz\/wp-json\/wp\/v2\/categories?post=771"},{"taxonomy":"post_tag","embeddable":true,"href":"https:\/\/blog.uclm.es\/josemariaherranz\/wp-json\/wp\/v2\/tags?post=771"}],"curies":[{"name":"wp","href":"https:\/\/api.w.org\/{rel}","templated":true}]}}