{"id":763,"date":"2019-09-16T20:26:15","date_gmt":"2019-09-16T19:26:15","guid":{"rendered":"http:\/\/blog.uclm.es\/josemariaherranz\/?p=763"},"modified":"2019-09-16T20:26:15","modified_gmt":"2019-09-16T19:26:15","slug":"los-alumnos-de-primero-comienza-su-andadura-en-la-facultad","status":"publish","type":"post","link":"https:\/\/blog.uclm.es\/josemariaherranz\/2019\/09\/16\/los-alumnos-de-primero-comienza-su-andadura-en-la-facultad\/","title":{"rendered":"Los alumnos de primero comienzan su andadura en la facultad"},"content":{"rendered":"\n<p>Hoy han llegado y comenzado su andadura los alumnos de primero de periodismo y comunicaci\u00f3n audiovisual en la Facultad de Comunicaci\u00f3n. Los alumnos han tenido la oportunidad de tener el primer contacto con las instalaciones de la facultad donde tendr\u00e1n la oportunidad de realizar sus pr\u00e1cticas en los estudios de radio y televisi\u00f3n. <\/p>\n\n\n\n<p>En el estudio de radio han podido realizar su primera entrevista y han podio contar al profesor Jos\u00e9 Mar\u00eda Herranz sus expectativas para los pr\u00f3ximos cuatro a\u00f1os. <\/p>\n\n\n\n<figure class=\"wp-block-image\"><img decoding=\"async\" src=\"https:\/\/blog.uclm.es\/josemariaherranz\/files\/2020\/01\/IMG-20190916-WA0002-1024x768.jpg\" alt=\"\" class=\"wp-image-915\" \/><\/figure>\n","protected":false},"excerpt":{"rendered":"<p>Hoy han llegado y comenzado su andadura los alumnos de primero de periodismo y comunicaci\u00f3n audiovisual en la Facultad de Comunicaci\u00f3n. Los alumnos han tenido la oportunidad de tener el primer contacto con las instalaciones de la facultad donde tendr\u00e1n la oportunidad de realizar sus pr\u00e1cticas en los estudios de radio y televisi\u00f3n. En el [&hellip;]<\/p>\n","protected":false},"author":84,"featured_media":914,"comment_status":"closed","ping_status":"open","sticky":false,"template":"","format":"standard","meta":{"footnotes":""},"categories":[2],"tags":[38,40,56],"class_list":["post-763","post","type-post","status-publish","format-standard","has-post-thumbnail","hentry","category-noticias","tag-evento","tag-facultad-de-periodismo","tag-periodismo"],"_links":{"self":[{"href":"https:\/\/blog.uclm.es\/josemariaherranz\/wp-json\/wp\/v2\/posts\/763","targetHints":{"allow":["GET"]}}],"collection":[{"href":"https:\/\/blog.uclm.es\/josemariaherranz\/wp-json\/wp\/v2\/posts"}],"about":[{"href":"https:\/\/blog.uclm.es\/josemariaherranz\/wp-json\/wp\/v2\/types\/post"}],"author":[{"embeddable":true,"href":"https:\/\/blog.uclm.es\/josemariaherranz\/wp-json\/wp\/v2\/users\/84"}],"replies":[{"embeddable":true,"href":"https:\/\/blog.uclm.es\/josemariaherranz\/wp-json\/wp\/v2\/comments?post=763"}],"version-history":[{"count":0,"href":"https:\/\/blog.uclm.es\/josemariaherranz\/wp-json\/wp\/v2\/posts\/763\/revisions"}],"wp:featuredmedia":[{"embeddable":true,"href":"https:\/\/blog.uclm.es\/josemariaherranz\/wp-json\/wp\/v2\/media\/914"}],"wp:attachment":[{"href":"https:\/\/blog.uclm.es\/josemariaherranz\/wp-json\/wp\/v2\/media?parent=763"}],"wp:term":[{"taxonomy":"category","embeddable":true,"href":"https:\/\/blog.uclm.es\/josemariaherranz\/wp-json\/wp\/v2\/categories?post=763"},{"taxonomy":"post_tag","embeddable":true,"href":"https:\/\/blog.uclm.es\/josemariaherranz\/wp-json\/wp\/v2\/tags?post=763"}],"curies":[{"name":"wp","href":"https:\/\/api.w.org\/{rel}","templated":true}]}}