{"id":665,"date":"2019-03-19T22:57:53","date_gmt":"2019-03-19T21:57:53","guid":{"rendered":"http:\/\/blog.uclm.es\/josemariaherranz\/?p=665"},"modified":"2019-03-19T22:57:53","modified_gmt":"2019-03-19T21:57:53","slug":"la-comunicacion-institucional-en-el-ayuntamiento-de-burgos-una-perspectiva-desde-la-experiencia-personal","status":"publish","type":"post","link":"https:\/\/blog.uclm.es\/josemariaherranz\/2019\/03\/19\/la-comunicacion-institucional-en-el-ayuntamiento-de-burgos-una-perspectiva-desde-la-experiencia-personal\/","title":{"rendered":"La comunicaci\u00f3n institucional en el Ayuntamiento de Burgos, una perspectiva desde la experiencia personal"},"content":{"rendered":"\n<p>Clara Sanz, profesora de la Facultad de Periodismo, ha presentado a los alumnos de la asignatura de  Comunicaci\u00f3n Institucional y Corporativa, su experiencia como responsable del gabinete de comunicaci\u00f3n en el Ayuntamiento de Burgos. <\/p>\n\n\n\n<p>Los alumnos han tenido la oportunidad de conocer las funciones y actividades realizadas por Clara Sanz, como m\u00e1xima responsable del gabinete de comunicaci\u00f3n del Ayuntamiento de Burgos, durante su etapa al frente de la instituci\u00f3n entre 1999 y 2003.<\/p>\n\n\n\n<p>La comunicaci\u00f3n institucional es una de las posibilidades laborales de los futuros egresados de la universidad , y conocer la experiencia de Clara ha supuesto vivir en primera persona la labor desarrollada en esta instituci\u00f3n. La profesora ha explicado todo el proceso de cambio de identidad y marca de la ciudad desarrollado durante ese periodo por el dise\u00f1ador Alberto Coraz\u00f3n. Y tambi\u00e9n toda la puesta en marcha del proyecto del Museo de la Evoluci\u00f3n Humana, que ahora es una realidad con \u00e9xito. <\/p>\n","protected":false},"excerpt":{"rendered":"<p>Clara Sanz, profesora de la Facultad de Periodismo, ha presentado a los alumnos de la asignatura de Comunicaci\u00f3n Institucional y Corporativa, su experiencia como responsable del gabinete de comunicaci\u00f3n en el Ayuntamiento de Burgos. Los alumnos han tenido la oportunidad de conocer las funciones y actividades realizadas por Clara Sanz, como m\u00e1xima responsable del gabinete [&hellip;]<\/p>\n","protected":false},"author":84,"featured_media":689,"comment_status":"closed","ping_status":"open","sticky":false,"template":"","format":"standard","meta":{"footnotes":""},"categories":[2],"tags":[7,18,20],"class_list":["post-665","post","type-post","status-publish","format-standard","has-post-thumbnail","hentry","category-noticias","tag-dircomuclm","tag-comunicacion-corporativa","tag-conferencia"],"_links":{"self":[{"href":"https:\/\/blog.uclm.es\/josemariaherranz\/wp-json\/wp\/v2\/posts\/665","targetHints":{"allow":["GET"]}}],"collection":[{"href":"https:\/\/blog.uclm.es\/josemariaherranz\/wp-json\/wp\/v2\/posts"}],"about":[{"href":"https:\/\/blog.uclm.es\/josemariaherranz\/wp-json\/wp\/v2\/types\/post"}],"author":[{"embeddable":true,"href":"https:\/\/blog.uclm.es\/josemariaherranz\/wp-json\/wp\/v2\/users\/84"}],"replies":[{"embeddable":true,"href":"https:\/\/blog.uclm.es\/josemariaherranz\/wp-json\/wp\/v2\/comments?post=665"}],"version-history":[{"count":0,"href":"https:\/\/blog.uclm.es\/josemariaherranz\/wp-json\/wp\/v2\/posts\/665\/revisions"}],"wp:featuredmedia":[{"embeddable":true,"href":"https:\/\/blog.uclm.es\/josemariaherranz\/wp-json\/wp\/v2\/media\/689"}],"wp:attachment":[{"href":"https:\/\/blog.uclm.es\/josemariaherranz\/wp-json\/wp\/v2\/media?parent=665"}],"wp:term":[{"taxonomy":"category","embeddable":true,"href":"https:\/\/blog.uclm.es\/josemariaherranz\/wp-json\/wp\/v2\/categories?post=665"},{"taxonomy":"post_tag","embeddable":true,"href":"https:\/\/blog.uclm.es\/josemariaherranz\/wp-json\/wp\/v2\/tags?post=665"}],"curies":[{"name":"wp","href":"https:\/\/api.w.org\/{rel}","templated":true}]}}