{"id":661,"date":"2019-04-03T22:35:16","date_gmt":"2019-04-03T21:35:16","guid":{"rendered":"http:\/\/blog.uclm.es\/josemariaherranz\/?p=661"},"modified":"2019-04-03T22:35:16","modified_gmt":"2019-04-03T21:35:16","slug":"experiencias-de-un-dircom-en-un-club-de-futbol-de-primera-division","status":"publish","type":"post","link":"https:\/\/blog.uclm.es\/josemariaherranz\/2019\/04\/03\/experiencias-de-un-dircom-en-un-club-de-futbol-de-primera-division\/","title":{"rendered":"Experiencias de un dircom en un club de f\u00fatbol de primera divisi\u00f3n"},"content":{"rendered":"\n<p>Ayer el profesor de la Facultad de Periodismo, Rub\u00e9n Ramos, ha contado sus experiencias como director de comunicaci\u00f3n del club de f\u00fatbol Real Zaragoza. Durante el periodo de 2007 a 2013, Rub\u00e9n fue el responsable de prensa, y director de las relaciones con los medios de comunicaci\u00f3n.<\/p>\n\n\n\n<p>Los alumnos de las asignatura de Comunicaci\u00f3n institucional y corporativa han tenido la oportunidad de conocer las funciones y actividades de la figura de un responsable de comunicaci\u00f3n en un club de futbol. Adem\u00e1s de los descensos y ascensos a Primera, Rub\u00e9n ha puesto de manifiesto las complejas relaciones entre los medios de comunicaci\u00f3n y los jugadores. <\/p>\n\n\n\n<p>Rub\u00e9n Ramos ha advertido que cada d\u00eda es mayor el nivel de profesionalizaci\u00f3n y el n\u00famero de personas que desarrollan su labor en este \u00e1mbito de la comunicaci\u00f3n deportiva. Con esta nueva conferencia, los alumnos est\u00e1n completando su formaci\u00f3n en el \u00e1rea dircom.<\/p>\n","protected":false},"excerpt":{"rendered":"<p>Ayer el profesor de la Facultad de Periodismo, Rub\u00e9n Ramos, ha contado sus experiencias como director de comunicaci\u00f3n del club de f\u00fatbol Real Zaragoza. Durante el periodo de 2007 a 2013, Rub\u00e9n fue el responsable de prensa, y director de las relaciones con los medios de comunicaci\u00f3n. Los alumnos de las asignatura de Comunicaci\u00f3n institucional [&hellip;]<\/p>\n","protected":false},"author":84,"featured_media":690,"comment_status":"closed","ping_status":"open","sticky":false,"template":"","format":"standard","meta":{"footnotes":""},"categories":[2],"tags":[7,18,20],"class_list":["post-661","post","type-post","status-publish","format-standard","has-post-thumbnail","hentry","category-noticias","tag-dircomuclm","tag-comunicacion-corporativa","tag-conferencia"],"_links":{"self":[{"href":"https:\/\/blog.uclm.es\/josemariaherranz\/wp-json\/wp\/v2\/posts\/661","targetHints":{"allow":["GET"]}}],"collection":[{"href":"https:\/\/blog.uclm.es\/josemariaherranz\/wp-json\/wp\/v2\/posts"}],"about":[{"href":"https:\/\/blog.uclm.es\/josemariaherranz\/wp-json\/wp\/v2\/types\/post"}],"author":[{"embeddable":true,"href":"https:\/\/blog.uclm.es\/josemariaherranz\/wp-json\/wp\/v2\/users\/84"}],"replies":[{"embeddable":true,"href":"https:\/\/blog.uclm.es\/josemariaherranz\/wp-json\/wp\/v2\/comments?post=661"}],"version-history":[{"count":0,"href":"https:\/\/blog.uclm.es\/josemariaherranz\/wp-json\/wp\/v2\/posts\/661\/revisions"}],"wp:featuredmedia":[{"embeddable":true,"href":"https:\/\/blog.uclm.es\/josemariaherranz\/wp-json\/wp\/v2\/media\/690"}],"wp:attachment":[{"href":"https:\/\/blog.uclm.es\/josemariaherranz\/wp-json\/wp\/v2\/media?parent=661"}],"wp:term":[{"taxonomy":"category","embeddable":true,"href":"https:\/\/blog.uclm.es\/josemariaherranz\/wp-json\/wp\/v2\/categories?post=661"},{"taxonomy":"post_tag","embeddable":true,"href":"https:\/\/blog.uclm.es\/josemariaherranz\/wp-json\/wp\/v2\/tags?post=661"}],"curies":[{"name":"wp","href":"https:\/\/api.w.org\/{rel}","templated":true}]}}