{"id":627,"date":"2019-03-07T17:24:52","date_gmt":"2019-03-07T16:24:52","guid":{"rendered":"http:\/\/blog.uclm.es\/josemariaherranz\/?p=627"},"modified":"2019-03-07T17:24:52","modified_gmt":"2019-03-07T16:24:52","slug":"el-seminario-6dircomuclm-abordara-la-comunicacion-de-la-responsabilidad-social-y-los-objetivos-de-desarrollo-sostenible","status":"publish","type":"post","link":"https:\/\/blog.uclm.es\/josemariaherranz\/2019\/03\/07\/el-seminario-6dircomuclm-abordara-la-comunicacion-de-la-responsabilidad-social-y-los-objetivos-de-desarrollo-sostenible\/","title":{"rendered":"El seminario #6DircomUCLM abordar\u00e1 la comunicaci\u00f3n de la responsabilidad social y los Objetivos de Desarrollo Sostenible"},"content":{"rendered":"\n<p>Los Objetivos de Desarrollo Sostenible (ODS) se han convertido en el nuevo desaf\u00edo de los gobiernos, las empresas, las ciudades y los ciudadanos para los pr\u00f3ximos a\u00f1os. Con una fecha clave 2030 y despu\u00e9s de m\u00e1s de tres a\u00f1os del lanzamiento de este reto, los Objetivos de Desarrollo Sostenible parecen no estar completamente integrados e interiorizados en nuestro quehacer diario. <\/p>\n\n\n\n<p>Varios informes en Espa\u00f1a ya miden las aportaciones de las empresas a los <a href=\"https:\/\/obrasociallacaixa.org\/es\/centros\/palau-macaya\/observatorio-ods\/informe\">ODS (Observatorio de los ODS)<\/a> y de las ciudades (<a href=\"http:\/\/reds-sdsn.es\/comunicado-lanzamiento-informe-ods-ciudades\">Red&nbsp;Espa\u00f1ola para el Desarrollo Sostenible<\/a>) a estos objetivos. A pesar de ello, el impacto sobre la ciudadan\u00eda es todav\u00eda peque\u00f1o y el compromiso de muchas empresas y gobiernos escaso, como muestran los datos. <\/p>\n\n\n\n<p>Como se\u00f1ala Jos\u00e9 Mar\u00eda Herranz, uno de los directores y profesor de la Facultad de Periodismo: \u00abDe la misma manera que la Responsabilidad Social Corporativa (RSC) est\u00e1 integrada en la estrategia de muchas organizaciones desde hace a\u00f1os, los ODS est\u00e1n empezando a plantearse como una estrategia clave de organizaciones y gobiernos. Y es en este punto donde RSC y ODS chocan, confluyen o se integran, en funci\u00f3n del espacio organizativo que se analice\u00bb. &nbsp;<\/p>\n\n\n\n<p>Sin embargo, tanto la RSC\ncomo los ODS son objetivos que para llegar a alcanzar tienen que ser\ncomunicados de manera transparente. Las memorias de sostenibilidad son una de\nlas herramientas de informaci\u00f3n para cumplir esta funci\u00f3n. Pero \u00bfHasta qu\u00e9\npunto la calidad de la informaci\u00f3n y los datos es buena y transparente, adem\u00e1s\nes accesibles a los distintos grupos de inter\u00e9s? <\/p>\n\n\n\n<p>Como se\u00f1ala Luisma Calvo, otro de los directores y profesor de la Facultad de Periodismo: \u00abEn este seminario se presentar\u00e1n qu\u00e9 son los ODS, qu\u00e9 relaci\u00f3n tiene con la responsabilidad social, y hasta qu\u00e9 punto las empresas y organizaciones est\u00e1n comunicando sus propuestas y logros como parte de su cultura corporativa\u00bb. Tambi\u00e9n se profundizar\u00e1 en la relevancia que tiene la comunicaci\u00f3n de los ODS y la RSC en un mundo que necesita m\u00e1s transparencia y confianza y menos clima falso \u201cfake\u201d.  <\/p>\n\n\n\n<p>El seminario, que organiza la Facultad de Periodismo y se celebrar\u00e1 el pr\u00f3ximo d\u00e1i 2 de abril, cuenta con la colaboraci\u00f3n de la <a href=\"http:\/\/asociacionprensacuenca.es\/\">Asociaci\u00f3n de la Prensa de Cuenca<\/a> y con el patrocionio de la <a href=\"https:\/\/www.uclm.es\/perfiles\/empresa\/colaboracionmecenazgo\/catedrasaulasempresa\/catedra_rsc\">C\u00e1tedra de Responsabilidad Social Corporativa Banco Santander de la UCLM.<\/a> El programa previsto es el siguiente: <\/p>\n\n\n\n<p>9:30. Recepci\u00f3n\nde los participantes.<\/p>\n\n\n\n<p>10:00-10:15.\nPresentaci\u00f3n.<\/p>\n\n\n\n<ul class=\"wp-block-list\"><li>M\u00aa \u00c1ngeles Zurilla, vicerrectora de Cultura y Extensi\u00f3n Universitaria. <\/li><li>\u00c1ngel Luis L\u00f3pez Villaverde, decano de la Facultad de Periodismo.<\/li><li>Jos\u00e9 Mar\u00eda Herranz de la Casa, director del Seminario. <\/li><li>Representante del Banco Santander<\/li><\/ul>\n\n\n\n<p>10:15-11:00.\nPonencia: La integraci\u00f3n de la sostenibilidad y los ODS en las empresas y organizaciones\nespa\u00f1olas. <\/p>\n\n\n\n<ul class=\"wp-block-list\"><li>Natalia Montero, directora de comunicaci\u00f3n de <a href=\"https:\/\/foretica.org\/\">For\u00e9tica<\/a><\/li><li>Moderador: Juan Luis Manfredi S\u00e1nchez, profesor de la UCLM<\/li><\/ul>\n\n\n\n<p>11:00-11:15\npausa caf\u00e9. <\/p>\n\n\n\n<p>11:15-12:00. Ponencia:\nDe la comunicaci\u00f3n de la responsabilidad social a los ODS en las\norganizaciones. <\/p>\n\n\n\n<ul class=\"wp-block-list\"><li>Vanesa Rodr\u00edguez, directora de comunicaci\u00f3n de <a href=\"https:\/\/www.pactomundial.org\/\">Pacto Mundial <\/a><\/li><li>Moderador: Luisma Calvo, profesor de la UCLM<\/li><\/ul>\n\n\n\n<p>12:00-14:00 Taller: \u201c\u00bfC\u00f3mo comunicar los Objetivos de Desarrollo Sostenible?\u201d. <\/p>\n\n\n\n<ul class=\"wp-block-list\"><li>Jos\u00e9 Mar\u00eda Herranz, profesor UCLM<\/li><li>Elisa Bayo, responsable del \u00e1rea de voluntariado y cooperaci\u00f3n internacional de <a href=\"https:\/\/www.caritas.es\/cuenca\/\">C\u00e1ritas Diocesana de Cuenca. <\/a><\/li><\/ul>\n\n\n\n<p>14:00 Clausura\ndel curso<\/p>\n\n\n\n<p>El seminario tendr\u00e1 lugar en el sal\u00f3n de actos de la Escuela Polit\u00e9cnica de Cuenca y est\u00e1 abierto a todas las personas interesadas en el tema. . <br><\/p>\n","protected":false},"excerpt":{"rendered":"<p>Los Objetivos de Desarrollo Sostenible (ODS) se han convertido en el nuevo desaf\u00edo de los gobiernos, las empresas, las ciudades y los ciudadanos para los pr\u00f3ximos a\u00f1os. Con una fecha clave 2030 y despu\u00e9s de m\u00e1s de tres a\u00f1os del lanzamiento de este reto, los Objetivos de Desarrollo Sostenible parecen no estar completamente integrados e [&hellip;]<\/p>\n","protected":false},"author":84,"featured_media":628,"comment_status":"closed","ping_status":"open","sticky":false,"template":"","format":"standard","meta":{"footnotes":""},"categories":[2],"tags":[7,18,54,70,74],"class_list":["post-627","post","type-post","status-publish","format-standard","has-post-thumbnail","hentry","category-noticias","tag-dircomuclm","tag-comunicacion-corporativa","tag-ods","tag-responsabilidad-social","tag-seminariojornada"],"_links":{"self":[{"href":"https:\/\/blog.uclm.es\/josemariaherranz\/wp-json\/wp\/v2\/posts\/627","targetHints":{"allow":["GET"]}}],"collection":[{"href":"https:\/\/blog.uclm.es\/josemariaherranz\/wp-json\/wp\/v2\/posts"}],"about":[{"href":"https:\/\/blog.uclm.es\/josemariaherranz\/wp-json\/wp\/v2\/types\/post"}],"author":[{"embeddable":true,"href":"https:\/\/blog.uclm.es\/josemariaherranz\/wp-json\/wp\/v2\/users\/84"}],"replies":[{"embeddable":true,"href":"https:\/\/blog.uclm.es\/josemariaherranz\/wp-json\/wp\/v2\/comments?post=627"}],"version-history":[{"count":0,"href":"https:\/\/blog.uclm.es\/josemariaherranz\/wp-json\/wp\/v2\/posts\/627\/revisions"}],"wp:featuredmedia":[{"embeddable":true,"href":"https:\/\/blog.uclm.es\/josemariaherranz\/wp-json\/wp\/v2\/media\/628"}],"wp:attachment":[{"href":"https:\/\/blog.uclm.es\/josemariaherranz\/wp-json\/wp\/v2\/media?parent=627"}],"wp:term":[{"taxonomy":"category","embeddable":true,"href":"https:\/\/blog.uclm.es\/josemariaherranz\/wp-json\/wp\/v2\/categories?post=627"},{"taxonomy":"post_tag","embeddable":true,"href":"https:\/\/blog.uclm.es\/josemariaherranz\/wp-json\/wp\/v2\/tags?post=627"}],"curies":[{"name":"wp","href":"https:\/\/api.w.org\/{rel}","templated":true}]}}