{"id":60,"date":"2016-06-13T08:52:18","date_gmt":"2016-06-13T07:52:18","guid":{"rendered":"http:\/\/blog.uclm.es\/josemariaherranz\/?p=60"},"modified":"2016-06-13T08:52:18","modified_gmt":"2016-06-13T07:52:18","slug":"un-periodista-tiene-que-ser-critico-con-su-entorno-porque-se-debe-a-sus-fuentes-y-a-los-ciudadanos","status":"publish","type":"post","link":"https:\/\/blog.uclm.es\/josemariaherranz\/2016\/06\/13\/un-periodista-tiene-que-ser-critico-con-su-entorno-porque-se-debe-a-sus-fuentes-y-a-los-ciudadanos\/","title":{"rendered":"\u00abUn periodista tiene que ser cr\u00edtico con su entorno porque se debe a sus fuentes y a los ciudadanos  \u00ab"},"content":{"rendered":"<p>Esta es la clase magistral que el pasado 11 de junio de 2016 ofreci\u00f3 el profesor Jos\u00e9 Mar\u00eda Herranz de la Casa en el Acto de Graduaci\u00f3n de la III Promoci\u00f3n de Graduados de Periodismo, celebrado en el Aula Magna de la Facultad de Bellas Artes del Campus de Cuenca.<\/p>\n<p>Directora acad\u00e9mica, vicepresidente, decano, padrino, autoridades, profesores, alumnos y familiares. Buenas tardes a todos.<\/p>\n<p>Mi primera menci\u00f3n quiero que sea para el quien a lo largo de estos cuatro a\u00f1os, que hab\u00e9is estado aqu\u00ed, ha sido vuestro Decano, Antonio Laguna, quiero destacar su labor porque os llev\u00e1is el esp\u00edritu que ha impulsado a la Facultad en estos a\u00f1os.<\/p>\n<p>Para mi hoy es tambi\u00e9n un d\u00eda especial y son muy especiales estas palabras porque se juntan muchas coincidencias relevantes. Hace 20 a\u00f1os, cuando muchos de vosotros erais todav\u00eda unos beb\u00e9s, en un d\u00eda de junio que no recuerdo, tambi\u00e9n finalic\u00e9 mis estudios de periodismo, como vosotros, pero por aquella \u00e9poca no se estilaban estas celebraciones de graduaci\u00f3n; dentro de tres semanas, un 6 de julio de hace 10 a\u00f1os, defend\u00ed mi tesis doctoral; y un 15 de julio de hace 4 a\u00f1os, cuando probablemente muchos de vosotros estabais haciendo la matr\u00edcula en la UCLM o decidiendo si venir a Cuenca a estudiar Periodismo, yo tambi\u00e9n mand\u00e9 mi solicitud para venir a trabajar aqu\u00ed, y equilicua. Dio comienzo una relaci\u00f3n profesor-alumno que ha durado estos cuatro a\u00f1os, y que en alg\u00fan caso, seguro que se alarga alg\u00fan tiempo m\u00e1s, y no miro a nadie en particular. Sin embargo, espero que esto solo sea un hasta luego. Espero que dentro de cinco o siete a\u00f1os, alguno de vosotros pueda volver a una graduaci\u00f3n como esta, siendo el invitado a dar la conferencia magistral, que hoy nos ha ofrecido Ra\u00fal del Pozo, ser\u00e1 una evidencia de que os ha ido muy bien.<\/p>\n<p>Como ya sab\u00e9is, en cualquier buen reportaje o cr\u00f3nica, uno de los puntos fundamentales es el hilo conductor. En este discurso, el hilo conductor es una historia que muchos conocer\u00e9is. Una novela de Charles Dickens, Cuento de Navidad, donde al personaje principal Mr. Scrooge, un hombre gru\u00f1\u00f3n y de coraz\u00f3n duro, al que le disgusta la Navidad, le visitan en Nochebuena los fantasmas del pasado, del presente y del futuro. Y de eso voy a hablar, de vuestras experiencias pasadas, presentes y futuras en la Facultad de periodismo.<\/p>\n<p><strong>Desde el pasado<\/strong><\/p>\n<p>Estos d\u00edas aparec\u00edan los datos de empleo en Estados Unidos y mostraban lo que todos intu\u00edamos pero que verifican una tendencia: <a href=\"http:\/\/www.niemanlab.org\/2016\/06\/there-are-now-more-americans-working-for-online-only-outlets-than-newspapers\/\" target=\"_blank\" rel=\"noopener\">el n\u00famero de periodistas empleados en medios online en Estados Unidos ya supera al n\u00famero de periodistas empleados en peri\u00f3dicos en papel<\/a>. Las gr\u00e1ficas ya se han cruzado. Si alguien ten\u00eda alguna duda de d\u00f3nde est\u00e1n los nichos de trabajo -y Rub\u00e9n, no lo digo por tus pr\u00e1cticas-, pues est\u00e1 claro. Y adem\u00e1s como muestra el informe anual de Reuters, cada d\u00eda hay m\u00e1s personas en Espa\u00f1a, dispuestas a pagar por los contenidos, sab\u00e9is en qu\u00e9 porcentaje, no? Esta es la primera pregunta del test de actualidad de hoy. S\u00ed, yo soy el profesor que semana tras semana, en los test de actualidad, les ha obligado a saber y revisar en qu\u00e9 puntos cerr\u00f3 el \u00edndice burs\u00e1til IBEX 35. Alguien sabe en qu\u00e9 puntos cerr\u00f3 ayer? 8,490 puntos.<\/p>\n<p>Algunos hab\u00e9is cursado conmigo hasta seis asignaturas y os conozco casi como a mi hijo Samuel, que est\u00e1 por aqu\u00ed hoy. Empezasteis 120, y hab\u00e9is llegado 58.<\/p>\n<p>Recuerdo el primer examen de T\u00e9cnicas del Mensaje en prensa e Internet que fue preparar una noticia a partir de una rueda de prensa de la presentaci\u00f3n del XIII Congreso de la Asociaci\u00f3n de Historiadores de la Comunicaci\u00f3n que se celebr\u00f3 en nuestra Facultad del 21 al 23 de octubre de 2013 y en el que casi todos participasteis activamente.<\/p>\n<p>Despu\u00e9s lleg\u00f3 el proyecto de Yapress que os oblig\u00f3 a muchos a poneros por primera vez delante de una c\u00e1mara con un chroma detr\u00e1s. Y este segundo a\u00f1o tambi\u00e9n fue el a\u00f1o de las noticias interpretativas y las cr\u00f3nicas, no sobre deporte, que ya s\u00e9 que os gusta mucho. En tercero ya os especializasteis y fue con los D\u00edas Internacionales. Con D\u00edas tan curiosos como el D\u00eda Internacional de la Lengua Materna, D\u00eda Internacional del deportes para el desarrollo y la Paz o el D\u00eda internacional de los vuelos espaciales tripulados. Y tambi\u00e9n fue el a\u00f1o de los tweetdebates y la <a href=\"http:\/\/observador.uclm.es\/?p=2925\" target=\"_blank\" rel=\"noopener\">Ciberseguridad<\/a>.<\/p>\n<p>Por el camino hab\u00e9is entrevistado a periodistas, deportistas, profesores, profesionales de todo tipo, incluso al rector de la universidad en varias ocasiones, la \u00faltima en Foro Empleo en Ciudad Real, porque esta es una profesi\u00f3n de preguntones y de buscar explicaciones para poder cont\u00e1rselo a otros.<\/p>\n<p><img loading=\"lazy\" decoding=\"async\" class=\"alignnone wp-image-62 size-large\" src=\"https:\/\/blog.uclm.es\/josemariaherranz\/wp-content\/uploads\/sites\/241\/2016\/06\/graduacion2016-1024x576.jpeg\" alt=\"graduacion2016\" width=\"625\" height=\"352\" srcset=\"https:\/\/blog.uclm.es\/josemariaherranz\/wp-content\/uploads\/sites\/241\/2016\/06\/graduacion2016-1024x576.jpeg 1024w, https:\/\/blog.uclm.es\/josemariaherranz\/wp-content\/uploads\/sites\/241\/2016\/06\/graduacion2016-300x169.jpeg 300w, https:\/\/blog.uclm.es\/josemariaherranz\/wp-content\/uploads\/sites\/241\/2016\/06\/graduacion2016-768x432.jpeg 768w, https:\/\/blog.uclm.es\/josemariaherranz\/wp-content\/uploads\/sites\/241\/2016\/06\/graduacion2016-624x351.jpeg 624w, https:\/\/blog.uclm.es\/josemariaherranz\/wp-content\/uploads\/sites\/241\/2016\/06\/graduacion2016.jpeg 1417w\" sizes=\"auto, (max-width: 625px) 100vw, 625px\" \/><\/p>\n<p><strong>Vuestro presente<\/strong><\/p>\n<p>Y vuestra huella, ya ha quedado entre nosotros, y especialmente este a\u00f1o en El Observador, ese portal donde est\u00e1n algunos de vuestros mejores textos:<\/p>\n<p><a href=\"http:\/\/observador.uclm.es\/?p=9678\">Los vinos de Castilla-La Mancha: una industria con mucho potencial por aprovechar<\/a>; <a href=\"http:\/\/observador.uclm.es\/?p=9135\">Cuenca 2016: una ciudad, cuatro efem\u00e9rides<\/a>; <a href=\"http:\/\/observador.uclm.es\/?p=9231\">Entre cuevas y pinturas<\/a>; <a href=\"http:\/\/observador.uclm.es\/?p=8821\">La importancia de ser \u00e9ticamente responsable<\/a>; <a href=\"http:\/\/observador.uclm.es\/?p=6830\" target=\"_blank\" rel=\"noopener\">Reciclar para vivir<\/a>; <a href=\"http:\/\/observador.uclm.es\/?p=6553\" target=\"_blank\" rel=\"noopener\">Cultura sobre ruedas<\/a>; <a href=\"http:\/\/observador.uclm.es\/?p=4611\">La negativa a negociar incendia a las BRIF<\/a>; <a href=\"http:\/\/observador.uclm.es\/?p=8829\" target=\"_blank\" rel=\"noopener\">La poes\u00eda que recita una letra<\/a> o <a href=\"http:\/\/observador.uclm.es\/?p=5848\" target=\"_blank\" rel=\"noopener\">No todos los cuentas acaban con perdices<\/a>.<\/p>\n<p>Estos son algunos de los titulares de esas historias que hab\u00e9is escrito. Todos los que estamos aqu\u00ed somos contadores de historias. Pero los que saben resumirla en un titular, los que saben seleccionar lo importante, lo que saben explicarlo y darle sentido son los periodistas. Los que mejor saben diferenciar entre lo verdadero y lo veraz, y esta es una pista para los que tienen el examen la semana que viene.<\/p>\n<p>Una informaci\u00f3n verdadera es que hoy se est\u00e1 celebrando la graduaci\u00f3n de Periodismo en la Universidad de Castilla-La Macha. Sin embargo, es una parte de verdad porque tambi\u00e9n hoy se est\u00e1 celebrando la graduaci\u00f3n de la Facultad de Ciencias Sociales. Si ma\u00f1ana alg\u00fan medio de comunicaci\u00f3n recogiera la informaci\u00f3n de lo que hoy ha pasado en el campus de Cuenca, lo veraz ser\u00eda que hoy se han celebrado las graduaciones de Periodismo y Ciencias Sociales. Si se olvidara de alguna de ellas, la informaci\u00f3n ser\u00eda verdadera pero no veraz. En este caso no es muy grave, solo podr\u00eda molestar al decano o a los alumnos porque se han olvidado de nosotros. Pero el problema es que hay veces que los medios de comunicaci\u00f3n lo hacen de manera intencionada y con un objetivo poco l\u00edcito y poco \u00e9tico.<\/p>\n<p>Me atrevo a decir que todos los periodistas que estamos aqu\u00ed, y algunas personas m\u00e1s, tenemos la capacidad de diferenciar lo verdadero de lo veraz, pero algunos de nuestros familiares y amigos, que hoy nos acompa\u00f1an, probablemente tendr\u00edan m\u00e1s dificultades para diferenciarlo. Y es por esa raz\u00f3n por la que es tan necesaria una profesi\u00f3n como la de periodista.<\/p>\n<p>Han quedado pendientes algunas propuestas como el <em>International Cuenca Cooking Day<\/em>, os invitaremos al del pr\u00f3ximo curso si vuestros compa\u00f1eros se animan a organizarlo.<\/p>\n<p>Siempre fuisteis un grupo poco viajero, viajero por Europea, y no s\u00e9 si por esa raz\u00f3n a m\u00e1s de uno se le ha atragantado el B1 de ingl\u00e9s. Hab\u00e9is sido tambi\u00e9n emprendedores y hay quedan el programa de radio <a href=\"http:\/\/lacuevadelrio.es\/\" target=\"_blank\" rel=\"noopener\">\u201cLa cueva del R\u00edo\u201d<\/a> o <a href=\"http:\/\/www.ciempiesmagazine.com\/\">Ciempi\u00e9s Magazine<\/a>. Y tambi\u00e9n hab\u00e9is sido en ocasiones muy particulares; y digo esto porque alguno me hizo caso y de una pr\u00e1ctica ha logrado su primer empleo, sin embargo, en otras ocasiones, las oportunidades volaron. De cualquier forma, OS QUEREMOS, os queremos ver en la televisi\u00f3n, os queremos escuchar en la radio, os queremos ver trabajar como periodistas porque eso es lo que realmente nos gusta y es para lo que os hemos preparado a lo largo de estos cuatro a\u00f1os.<\/p>\n<p><strong>Mirando hacia el futuro<\/strong><\/p>\n<p>Hace unos a\u00f1os tuve una alumna que siempre protestaba y me preguntaba en una asignatura sobre encuestas y estad\u00edsticas, sobre la utilidad de esa asignatura para una periodista, y yo le dije, paciencia que seguro que alg\u00fan d\u00eda lo comprendes; y efectivamente, su primer trabajo fue en un peri\u00f3dico econ\u00f3mico, revisando los datos del IPC y los \u00edndices burs\u00e1tiles. Pues eso paciencia, a partir de ahora seguro que veis la vida con otra perspectiva.<\/p>\n<p>No todos acabar\u00e9is trabajando como periodistas, y esto puede extra\u00f1ar a vuestros familiares que os acompa\u00f1an hoy, pero tranquilos, seguro que lo que hab\u00e9is aprendido aqu\u00ed, os ayudar\u00e1 en vuestro futuro laboral, all\u00ed donde est\u00e9is en Cuenca, en Sevilla, en Madrid, en Bruselas, en Pek\u00edn o en Melbourne. Probablemente otros hay\u00e1is encontrado vocaciones e intereses que marquen ese futuro, GENIAL. Lo importante es que vuestro paso por la Facultad de Periodismo, no os haya dejado indiferentes.<\/p>\n<p>Os animo a que sig\u00e1is escribiendo en vuestro blog o para una publicaci\u00f3n de vuestra ciudad, porque ten\u00e9is que estar en forma y preparados para cuando llegue vuestra oportunidad. El otro d\u00eda la tenista espa\u00f1ola, Garbi\u00f1e Muguruza, ganaba el torneo de Roland Garros, y en sus primeras declaraciones despu\u00e9s de la final dijo: \u201cEntreno cada d\u00eda para no tener miedo en estas situaciones\u201d. Pues ya sab\u00e9is, seguir escribiendo para no tener miedo el d\u00eda que teng\u00e1is esa oportunidad.<\/p>\n<p>El panorama laboral no es el m\u00e1s \u00f3ptimo, pero no teng\u00e1is miedo, hay oportunidades, y sois muy j\u00f3venes. Pocos sab\u00e9is d\u00f3nde estar\u00e9is y qu\u00e9 estar\u00e9is haciendo dentro de cinco a\u00f1os, porque a m\u00ed tambi\u00e9n me pas\u00f3. No renunci\u00e9is a nada siempre que no entre en conflicto con vuestra \u00e9tica profesional. Un periodista tiene que revelarse contra las injusticias porque este no es un oficio para c\u00ednicos como dec\u00eda Kapuckinski, famoso periodista polaco. Un periodista tiene que ser cr\u00edtico con su entorno porque se debe a sus fuentes y a los ciudadanos que le leen, le escuchan o le ven.<\/p>\n<p>Sab\u00e9is que no hay nada gratis, y que el aprendizaje tiene tambi\u00e9n un coste, a lo mejor os encontr\u00e1is con la disyuntiva de trabajar sin ninguna remuneraci\u00f3n a cambio. Quiz\u00e1s la pregunta que os ten\u00e9is que hacer en ese momento es si lo que pod\u00e9is aprender compensa la no remuneraci\u00f3n. O si por el contrario, prefer\u00eds invertir ese tiempo y ese dinero en alg\u00fan proyecto personal, ten\u00e9is la oportunidad de ser emprendedores, no teng\u00e1is miedo a fracasar. Y recordar que \u201cun hombre o una mujer con una idea es un loco hasta que triunfa\u201d. Aqu\u00ed en Cuenca nos tendr\u00e9is para asesoraros y ayudaros en todo lo que sea posible.<\/p>\n<p>Os vais, pero no os olvid\u00e9is de vuestra Facultad, de vuestra universidad y sobre todo no os olvid\u00e9is de Cuenca, a veces peque\u00f1a a veces anodina, pero sobre todo con muchos rincones para disfrutar y descubrir.<\/p>\n<p>Quiero concluir dando las gracias a vuestros familiares por haberos dado la oportunidad de estudiar en Cuenca en nuestra Facultad de Periodismo; quiero adem\u00e1s felicitar a cada uno de vosotros por haber llegado hasta el final; y tambi\u00e9n quiero daros las gracias por todo lo que nos hab\u00e9is ayudado cada d\u00eda a mejorar como docentes.<\/p>\n<p>Esto no es un adi\u00f3s, es solo un hasta luego.<\/p>\n","protected":false},"excerpt":{"rendered":"<p>Esta es la clase magistral que el pasado 11 de junio de 2016 ofreci\u00f3 el profesor Jos\u00e9 Mar\u00eda Herranz de la Casa en el Acto de Graduaci\u00f3n de la III Promoci\u00f3n de Graduados de Periodismo, celebrado en el Aula Magna de la Facultad de Bellas Artes del Campus de Cuenca. Directora acad\u00e9mica, vicepresidente, decano, padrino, [&hellip;]<\/p>\n","protected":false},"author":84,"featured_media":61,"comment_status":"closed","ping_status":"open","sticky":false,"template":"","format":"standard","meta":{"footnotes":""},"categories":[2],"tags":[],"class_list":["post-60","post","type-post","status-publish","format-standard","has-post-thumbnail","hentry","category-noticias"],"_links":{"self":[{"href":"https:\/\/blog.uclm.es\/josemariaherranz\/wp-json\/wp\/v2\/posts\/60","targetHints":{"allow":["GET"]}}],"collection":[{"href":"https:\/\/blog.uclm.es\/josemariaherranz\/wp-json\/wp\/v2\/posts"}],"about":[{"href":"https:\/\/blog.uclm.es\/josemariaherranz\/wp-json\/wp\/v2\/types\/post"}],"author":[{"embeddable":true,"href":"https:\/\/blog.uclm.es\/josemariaherranz\/wp-json\/wp\/v2\/users\/84"}],"replies":[{"embeddable":true,"href":"https:\/\/blog.uclm.es\/josemariaherranz\/wp-json\/wp\/v2\/comments?post=60"}],"version-history":[{"count":0,"href":"https:\/\/blog.uclm.es\/josemariaherranz\/wp-json\/wp\/v2\/posts\/60\/revisions"}],"wp:featuredmedia":[{"embeddable":true,"href":"https:\/\/blog.uclm.es\/josemariaherranz\/wp-json\/wp\/v2\/media\/61"}],"wp:attachment":[{"href":"https:\/\/blog.uclm.es\/josemariaherranz\/wp-json\/wp\/v2\/media?parent=60"}],"wp:term":[{"taxonomy":"category","embeddable":true,"href":"https:\/\/blog.uclm.es\/josemariaherranz\/wp-json\/wp\/v2\/categories?post=60"},{"taxonomy":"post_tag","embeddable":true,"href":"https:\/\/blog.uclm.es\/josemariaherranz\/wp-json\/wp\/v2\/tags?post=60"}],"curies":[{"name":"wp","href":"https:\/\/api.w.org\/{rel}","templated":true}]}}