{"id":516,"date":"2017-11-28T16:39:00","date_gmt":"2017-11-28T15:39:00","guid":{"rendered":"http:\/\/blog.uclm.es\/josemariaherranz\/?p=516"},"modified":"2017-11-28T16:39:00","modified_gmt":"2017-11-28T15:39:00","slug":"la-relevancia-del-periodismo-cultural-como-especializacion","status":"publish","type":"post","link":"https:\/\/blog.uclm.es\/josemariaherranz\/2017\/11\/28\/la-relevancia-del-periodismo-cultural-como-especializacion\/","title":{"rendered":"La relevancia del periodismo cultural como especializaci\u00f3n"},"content":{"rendered":"<p>La profesora Maite Mercado, experta en periodismo cultural y televisivo, particip\u00f3 como ponente en la asignatura de Taller de Periodismo Especializado I el pasado 21 de noviembre. Su conferencia vers\u00f3 sobre la importancia del <a href=\"http:\/\/observador.uclm.es\/?p=23377\">periodismo cultural y sus fuentes.<\/a><\/p>\n<p>&nbsp;<\/p>\n","protected":false},"excerpt":{"rendered":"<p>La profesora Maite Mercado, experta en periodismo cultural y televisivo, particip\u00f3 como ponente en la asignatura de Taller de Periodismo Especializado I el pasado 21 de noviembre. Su conferencia vers\u00f3 sobre la importancia del periodismo cultural y sus fuentes. &nbsp;<\/p>\n","protected":false},"author":84,"featured_media":519,"comment_status":"closed","ping_status":"open","sticky":false,"template":"","format":"standard","meta":{"footnotes":""},"categories":[2],"tags":[20,59],"class_list":["post-516","post","type-post","status-publish","format-standard","has-post-thumbnail","hentry","category-noticias","tag-conferencia","tag-periodismo-especializado"],"_links":{"self":[{"href":"https:\/\/blog.uclm.es\/josemariaherranz\/wp-json\/wp\/v2\/posts\/516","targetHints":{"allow":["GET"]}}],"collection":[{"href":"https:\/\/blog.uclm.es\/josemariaherranz\/wp-json\/wp\/v2\/posts"}],"about":[{"href":"https:\/\/blog.uclm.es\/josemariaherranz\/wp-json\/wp\/v2\/types\/post"}],"author":[{"embeddable":true,"href":"https:\/\/blog.uclm.es\/josemariaherranz\/wp-json\/wp\/v2\/users\/84"}],"replies":[{"embeddable":true,"href":"https:\/\/blog.uclm.es\/josemariaherranz\/wp-json\/wp\/v2\/comments?post=516"}],"version-history":[{"count":0,"href":"https:\/\/blog.uclm.es\/josemariaherranz\/wp-json\/wp\/v2\/posts\/516\/revisions"}],"wp:featuredmedia":[{"embeddable":true,"href":"https:\/\/blog.uclm.es\/josemariaherranz\/wp-json\/wp\/v2\/media\/519"}],"wp:attachment":[{"href":"https:\/\/blog.uclm.es\/josemariaherranz\/wp-json\/wp\/v2\/media?parent=516"}],"wp:term":[{"taxonomy":"category","embeddable":true,"href":"https:\/\/blog.uclm.es\/josemariaherranz\/wp-json\/wp\/v2\/categories?post=516"},{"taxonomy":"post_tag","embeddable":true,"href":"https:\/\/blog.uclm.es\/josemariaherranz\/wp-json\/wp\/v2\/tags?post=516"}],"curies":[{"name":"wp","href":"https:\/\/api.w.org\/{rel}","templated":true}]}}