{"id":296,"date":"2017-05-03T15:07:14","date_gmt":"2017-05-03T14:07:14","guid":{"rendered":"http:\/\/blog.uclm.es\/josemariaherranz\/?p=296"},"modified":"2017-05-03T15:07:14","modified_gmt":"2017-05-03T14:07:14","slug":"hoy-celebramos-el-dia-mundial-de-la-libertad-de-prensa","status":"publish","type":"post","link":"https:\/\/blog.uclm.es\/josemariaherranz\/2017\/05\/03\/hoy-celebramos-el-dia-mundial-de-la-libertad-de-prensa\/","title":{"rendered":"Hoy celebramos el D\u00eda Mundial de la Libertad de Prensa"},"content":{"rendered":"<p>Como todos los a\u00f1os, hoy la Facultad de Periodismo ha\u00a0vuelto a celebrar el D\u00eda Mundial de la Libertad de Prensa, en colaboraci\u00f3n con la Asociaci\u00f3n de la Prensa de Cuenca.<\/p>\n<p>Echa un vistazo al <a href=\"https:\/\/www.facebook.com\/josemaria.herranz.9\/videos\/10209329240528243\/\">Facebook Live de este d\u00eda tan especial para los periodistas<\/a>\u00a0o a la <a href=\"https:\/\/www.facebook.com\/AsociacionPrensaCuenca\/photos\/a.191455917641843.41980.181002015353900\/1290838877703536\/?type=3\">galer\u00eda de fotograf\u00edas <\/a>de este d\u00eda.<\/p>\n","protected":false},"excerpt":{"rendered":"<p>Como todos los a\u00f1os, hoy la Facultad de Periodismo ha\u00a0vuelto a celebrar el D\u00eda Mundial de la Libertad de Prensa, en colaboraci\u00f3n con la Asociaci\u00f3n de la Prensa de Cuenca. Echa un vistazo al Facebook Live de este d\u00eda tan especial para los periodistas\u00a0o a la galer\u00eda de fotograf\u00edas de este d\u00eda.<\/p>\n","protected":false},"author":84,"featured_media":297,"comment_status":"closed","ping_status":"open","sticky":false,"template":"","format":"standard","meta":{"footnotes":""},"categories":[2],"tags":[56],"class_list":["post-296","post","type-post","status-publish","format-standard","has-post-thumbnail","hentry","category-noticias","tag-periodismo"],"_links":{"self":[{"href":"https:\/\/blog.uclm.es\/josemariaherranz\/wp-json\/wp\/v2\/posts\/296","targetHints":{"allow":["GET"]}}],"collection":[{"href":"https:\/\/blog.uclm.es\/josemariaherranz\/wp-json\/wp\/v2\/posts"}],"about":[{"href":"https:\/\/blog.uclm.es\/josemariaherranz\/wp-json\/wp\/v2\/types\/post"}],"author":[{"embeddable":true,"href":"https:\/\/blog.uclm.es\/josemariaherranz\/wp-json\/wp\/v2\/users\/84"}],"replies":[{"embeddable":true,"href":"https:\/\/blog.uclm.es\/josemariaherranz\/wp-json\/wp\/v2\/comments?post=296"}],"version-history":[{"count":0,"href":"https:\/\/blog.uclm.es\/josemariaherranz\/wp-json\/wp\/v2\/posts\/296\/revisions"}],"wp:featuredmedia":[{"embeddable":true,"href":"https:\/\/blog.uclm.es\/josemariaherranz\/wp-json\/wp\/v2\/media\/297"}],"wp:attachment":[{"href":"https:\/\/blog.uclm.es\/josemariaherranz\/wp-json\/wp\/v2\/media?parent=296"}],"wp:term":[{"taxonomy":"category","embeddable":true,"href":"https:\/\/blog.uclm.es\/josemariaherranz\/wp-json\/wp\/v2\/categories?post=296"},{"taxonomy":"post_tag","embeddable":true,"href":"https:\/\/blog.uclm.es\/josemariaherranz\/wp-json\/wp\/v2\/tags?post=296"}],"curies":[{"name":"wp","href":"https:\/\/api.w.org\/{rel}","templated":true}]}}