{"id":280,"date":"2017-04-21T14:49:17","date_gmt":"2017-04-21T13:49:17","guid":{"rendered":"http:\/\/blog.uclm.es\/josemariaherranz\/?p=280"},"modified":"2017-04-21T14:49:17","modified_gmt":"2017-04-21T13:49:17","slug":"taller-de-realidad-virtual-con-empresarios-y-emprendedores-de-cuenca","status":"publish","type":"post","link":"https:\/\/blog.uclm.es\/josemariaherranz\/2017\/04\/21\/taller-de-realidad-virtual-con-empresarios-y-emprendedores-de-cuenca\/","title":{"rendered":"Taller de realidad virtual con empresarios y emprendedores de Cuenca"},"content":{"rendered":"<p>El pasado 19 de abril desarrollamos un taller para mostrar a empresarios y emprendedores de Cuenca las posibilidades de la realidad virtual y los videos 360\u00ba. De la mano de CEOE Cepyme<br \/>\nCuenca y la Fundaci\u00f3n Caja Rural Castilla-La Mancha, tuvimos la oportunidad de dar a conocer esta nueva forma de narrar historias a los participantes.<br \/>\nAdem\u00e1s, la sesi\u00f3n sirvi\u00f3 para intercambiar conocimientos entre algunos de los participantes que ya est\u00e1n trabajando con realidad virtual y realidad aumentada.<\/p>\n<p><img loading=\"lazy\" decoding=\"async\" class=\"size-medium wp-image-282 aligncenter\" src=\"https:\/\/blog.uclm.es\/josemariaherranz\/wp-content\/uploads\/sites\/241\/2017\/05\/Fundacion-Caja-Rural-Castilla-La-Mancha-colabora-en-la-Jornada-sobre-realidad-virtual-de-CEOE-CEPYME-Cuenca-300x150.jpg\" alt=\"\" width=\"300\" height=\"150\" srcset=\"https:\/\/blog.uclm.es\/josemariaherranz\/wp-content\/uploads\/sites\/241\/2017\/05\/Fundacion-Caja-Rural-Castilla-La-Mancha-colabora-en-la-Jornada-sobre-realidad-virtual-de-CEOE-CEPYME-Cuenca-300x150.jpg 300w, https:\/\/blog.uclm.es\/josemariaherranz\/wp-content\/uploads\/sites\/241\/2017\/05\/Fundacion-Caja-Rural-Castilla-La-Mancha-colabora-en-la-Jornada-sobre-realidad-virtual-de-CEOE-CEPYME-Cuenca-768x384.jpg 768w, https:\/\/blog.uclm.es\/josemariaherranz\/wp-content\/uploads\/sites\/241\/2017\/05\/Fundacion-Caja-Rural-Castilla-La-Mancha-colabora-en-la-Jornada-sobre-realidad-virtual-de-CEOE-CEPYME-Cuenca-624x312.jpg 624w, https:\/\/blog.uclm.es\/josemariaherranz\/wp-content\/uploads\/sites\/241\/2017\/05\/Fundacion-Caja-Rural-Castilla-La-Mancha-colabora-en-la-Jornada-sobre-realidad-virtual-de-CEOE-CEPYME-Cuenca.jpg 800w\" sizes=\"auto, (max-width: 300px) 100vw, 300px\" \/><\/p>\n","protected":false},"excerpt":{"rendered":"<p>El pasado 19 de abril desarrollamos un taller para mostrar a empresarios y emprendedores de Cuenca las posibilidades de la realidad virtual y los videos 360\u00ba. De la mano de CEOE Cepyme Cuenca y la Fundaci\u00f3n Caja Rural Castilla-La Mancha, tuvimos la oportunidad de dar a conocer esta nueva forma de narrar historias a los [&hellip;]<\/p>\n","protected":false},"author":84,"featured_media":281,"comment_status":"closed","ping_status":"open","sticky":false,"template":"","format":"standard","meta":{"footnotes":""},"categories":[2],"tags":[8,67,74,81,83,85],"class_list":["post-280","post","type-post","status-publish","format-standard","has-post-thumbnail","hentry","category-noticias","tag-360-video","tag-realidad-virtual","tag-seminariojornada","tag-video-360o","tag-virtual-reality","tag-vr"],"_links":{"self":[{"href":"https:\/\/blog.uclm.es\/josemariaherranz\/wp-json\/wp\/v2\/posts\/280","targetHints":{"allow":["GET"]}}],"collection":[{"href":"https:\/\/blog.uclm.es\/josemariaherranz\/wp-json\/wp\/v2\/posts"}],"about":[{"href":"https:\/\/blog.uclm.es\/josemariaherranz\/wp-json\/wp\/v2\/types\/post"}],"author":[{"embeddable":true,"href":"https:\/\/blog.uclm.es\/josemariaherranz\/wp-json\/wp\/v2\/users\/84"}],"replies":[{"embeddable":true,"href":"https:\/\/blog.uclm.es\/josemariaherranz\/wp-json\/wp\/v2\/comments?post=280"}],"version-history":[{"count":0,"href":"https:\/\/blog.uclm.es\/josemariaherranz\/wp-json\/wp\/v2\/posts\/280\/revisions"}],"wp:featuredmedia":[{"embeddable":true,"href":"https:\/\/blog.uclm.es\/josemariaherranz\/wp-json\/wp\/v2\/media\/281"}],"wp:attachment":[{"href":"https:\/\/blog.uclm.es\/josemariaherranz\/wp-json\/wp\/v2\/media?parent=280"}],"wp:term":[{"taxonomy":"category","embeddable":true,"href":"https:\/\/blog.uclm.es\/josemariaherranz\/wp-json\/wp\/v2\/categories?post=280"},{"taxonomy":"post_tag","embeddable":true,"href":"https:\/\/blog.uclm.es\/josemariaherranz\/wp-json\/wp\/v2\/tags?post=280"}],"curies":[{"name":"wp","href":"https:\/\/api.w.org\/{rel}","templated":true}]}}