{"id":1635,"date":"2026-02-17T16:18:22","date_gmt":"2026-02-17T16:18:22","guid":{"rendered":"https:\/\/blog.uclm.es\/josemariaherranz\/?p=1635"},"modified":"2026-03-26T16:32:49","modified_gmt":"2026-03-26T16:32:49","slug":"los-alumnos-de-la-facultad-de-comunicacion-aceptan-el-reto-comunicativo-de-la-asociacion-espanola-contra-el-cancer-de-cuenca","status":"publish","type":"post","link":"https:\/\/blog.uclm.es\/josemariaherranz\/2026\/02\/17\/los-alumnos-de-la-facultad-de-comunicacion-aceptan-el-reto-comunicativo-de-la-asociacion-espanola-contra-el-cancer-de-cuenca\/","title":{"rendered":"Los alumnos de la Facultad de Comunicaci\u00f3n aceptan el reto comunicativo de la Asociaci\u00f3n Espa\u00f1ola Contra el C\u00e1ncer de Cuenca"},"content":{"rendered":"\n<p><\/p>\n\n\n\n<p>El pasado 16 de febrero comenzamos la colaboraci\u00f3n con la Asociaci\u00f3n Contra el C\u00e1ncer de Cuenca. Se trata de un reto colaborativo dentro de la asignatura de Comunicaci\u00f3n institucional y corporativa para desarrollar una campa\u00f1a de comunicaci\u00f3n con el objetivo de mejorar la captaci\u00f3n de voluntarios, mejorar el conocimiento de los servicios de la organizaci\u00f3n y mejorar el alcance de la AECC Cuenca en las redes sociales.  <\/p>\n\n\n\n<p>Durante tres meses el alumnado trabajar\u00e1 conjuntamente con la organizaci\u00f3n para aportar soluciones comunicativas <a href=\"https:\/\/x.com\/hashtag\/Todoscontraelc\u00e1ncer?src=hashtag_click\">#Todoscontraelc\u00e1ncer<\/a><\/p>\n\n\n\n<h2 class=\"wp-block-heading\">Estrategia comunicativa central de la AECC<\/h2>\n\n\n\n<p>El 2 de marzo nos acompa\u00f1aron virtualmente a Luc\u00eda Aboud, responsable de Asuntos p\u00fablicos de la Asociaci\u00f3n Contra el C\u00e1ncer (AECC), y Esther D\u00edez, responsable de comunicaci\u00f3n externa de la AECC, dentro de las actividades de la Semana Universitaria de la Econom\u00eda Social. El objetivo principal era conocer la estrategia global de la AECC que luego se aplica en cada uno de los territorios. El alumnado pudo completar su visi\u00f3n sobre la gesti\u00f3n de la comunicaci\u00f3n de la organizaci\u00f3n, de cara a plantear sus propuestas en los pr\u00f3ximos meses. <\/p>\n\n\n\n<figure class=\"wp-block-image size-full\"><img loading=\"lazy\" decoding=\"async\" width=\"539\" height=\"361\" src=\"https:\/\/blog.uclm.es\/josemariaherranz\/wp-content\/uploads\/sites\/241\/2026\/03\/cancer3.jpg\" alt=\"\" class=\"wp-image-1637\" srcset=\"https:\/\/blog.uclm.es\/josemariaherranz\/wp-content\/uploads\/sites\/241\/2026\/03\/cancer3.jpg 539w, https:\/\/blog.uclm.es\/josemariaherranz\/wp-content\/uploads\/sites\/241\/2026\/03\/cancer3-300x201.jpg 300w\" sizes=\"auto, (max-width: 539px) 100vw, 539px\" \/><\/figure>\n","protected":false},"excerpt":{"rendered":"<p>El pasado 16 de febrero comenzamos la colaboraci\u00f3n con la Asociaci\u00f3n Contra el C\u00e1ncer de Cuenca. Se trata de un reto colaborativo dentro de la asignatura de Comunicaci\u00f3n institucional y corporativa para desarrollar una campa\u00f1a de comunicaci\u00f3n con el objetivo de mejorar la captaci\u00f3n de voluntarios, mejorar el conocimiento de los servicios de la organizaci\u00f3n [&hellip;]<\/p>\n","protected":false},"author":84,"featured_media":1636,"comment_status":"open","ping_status":"open","sticky":false,"template":"","format":"standard","meta":{"footnotes":""},"categories":[2],"tags":[7,18,31],"class_list":["post-1635","post","type-post","status-publish","format-standard","has-post-thumbnail","hentry","category-noticias","tag-dircomuclm","tag-comunicacion-corporativa","tag-docencia"],"_links":{"self":[{"href":"https:\/\/blog.uclm.es\/josemariaherranz\/wp-json\/wp\/v2\/posts\/1635","targetHints":{"allow":["GET"]}}],"collection":[{"href":"https:\/\/blog.uclm.es\/josemariaherranz\/wp-json\/wp\/v2\/posts"}],"about":[{"href":"https:\/\/blog.uclm.es\/josemariaherranz\/wp-json\/wp\/v2\/types\/post"}],"author":[{"embeddable":true,"href":"https:\/\/blog.uclm.es\/josemariaherranz\/wp-json\/wp\/v2\/users\/84"}],"replies":[{"embeddable":true,"href":"https:\/\/blog.uclm.es\/josemariaherranz\/wp-json\/wp\/v2\/comments?post=1635"}],"version-history":[{"count":1,"href":"https:\/\/blog.uclm.es\/josemariaherranz\/wp-json\/wp\/v2\/posts\/1635\/revisions"}],"predecessor-version":[{"id":1638,"href":"https:\/\/blog.uclm.es\/josemariaherranz\/wp-json\/wp\/v2\/posts\/1635\/revisions\/1638"}],"wp:featuredmedia":[{"embeddable":true,"href":"https:\/\/blog.uclm.es\/josemariaherranz\/wp-json\/wp\/v2\/media\/1636"}],"wp:attachment":[{"href":"https:\/\/blog.uclm.es\/josemariaherranz\/wp-json\/wp\/v2\/media?parent=1635"}],"wp:term":[{"taxonomy":"category","embeddable":true,"href":"https:\/\/blog.uclm.es\/josemariaherranz\/wp-json\/wp\/v2\/categories?post=1635"},{"taxonomy":"post_tag","embeddable":true,"href":"https:\/\/blog.uclm.es\/josemariaherranz\/wp-json\/wp\/v2\/tags?post=1635"}],"curies":[{"name":"wp","href":"https:\/\/api.w.org\/{rel}","templated":true}]}}