{"id":160,"date":"2016-09-30T13:19:40","date_gmt":"2016-09-30T12:19:40","guid":{"rendered":"http:\/\/blog.uclm.es\/josemariaherranz\/?p=160"},"modified":"2016-09-30T13:19:40","modified_gmt":"2016-09-30T12:19:40","slug":"la-salidas-profesionales-del-vino-para-los-profesionales-de-la-comunicacion","status":"publish","type":"post","link":"https:\/\/blog.uclm.es\/josemariaherranz\/2016\/09\/30\/la-salidas-profesionales-del-vino-para-los-profesionales-de-la-comunicacion\/","title":{"rendered":"La salidas profesionales del vino para los profesionales de la comunicaci\u00f3n"},"content":{"rendered":"<p>El pasado 29 de septiembre particip\u00e9 en el Curso de Verano 2016 de la UCLM <a href=\"http:\/\/cursosdeverano.uclm.es\/catalogo\/38-vino-y-comunicacion-el-caso-de-la-denominacion-de-origen-la-mancha-2a-edicion\/\">\u201cVino y comunicaci\u00f3n, el caso de la Denominaci\u00f3n de Origen de La Mancha\u201d<\/a>, celebrado en Ciudad Real.<\/p>\n<p>Mi aportaci\u00f3n form\u00f3 parte de la mesa redonda sobre las salidas profesionales del vino, donde compart\u00ed espacio con Miguel \u00c1ngel Gonz\u00e1lez Vi\u00f1as, profesor Titular de la UCLM y\u00a0 Saray Marco Solanilla, auditora de ECI La Mancha.<\/p>\n<p>A lo largo de media hora present\u00e9 algunas de las posibilidades que ofrece a los profesionales de la comunicaci\u00f3n y del periodismo el vino y su cultura. Las redes sociales, los medios de comunicaci\u00f3n, la comunicaci\u00f3n comercial y la marca son algunos de los espacios donde los comunicadores pueden desarrollar su labor. Y adem\u00e1s es fundamental la colaboraci\u00f3n entre periodistas y comunicadores con todos las personas vinculadas al vino: Agricultores, en\u00f3logos, bodegueros, empresarios, hosteleros, gestores de turismo, investigadores, instituciones; de manera que el vino se convierta en un referente, en una comunidad aut\u00f3noma como Castilla-La Mancha, donde la producci\u00f3n y la econom\u00eda est\u00e1 muy vinculada al territorio.<\/p>\n","protected":false},"excerpt":{"rendered":"<p>El pasado 29 de septiembre particip\u00e9 en el Curso de Verano 2016 de la UCLM \u201cVino y comunicaci\u00f3n, el caso de la Denominaci\u00f3n de Origen de La Mancha\u201d, celebrado en Ciudad Real. Mi aportaci\u00f3n form\u00f3 parte de la mesa redonda sobre las salidas profesionales del vino, donde compart\u00ed espacio con Miguel \u00c1ngel Gonz\u00e1lez Vi\u00f1as, profesor [&hellip;]<\/p>\n","protected":false},"author":84,"featured_media":162,"comment_status":"closed","ping_status":"open","sticky":false,"template":"","format":"standard","meta":{"footnotes":""},"categories":[2],"tags":[20,25,82],"class_list":["post-160","post","type-post","status-publish","format-standard","has-post-thumbnail","hentry","category-noticias","tag-conferencia","tag-curso-verano","tag-vino"],"_links":{"self":[{"href":"https:\/\/blog.uclm.es\/josemariaherranz\/wp-json\/wp\/v2\/posts\/160","targetHints":{"allow":["GET"]}}],"collection":[{"href":"https:\/\/blog.uclm.es\/josemariaherranz\/wp-json\/wp\/v2\/posts"}],"about":[{"href":"https:\/\/blog.uclm.es\/josemariaherranz\/wp-json\/wp\/v2\/types\/post"}],"author":[{"embeddable":true,"href":"https:\/\/blog.uclm.es\/josemariaherranz\/wp-json\/wp\/v2\/users\/84"}],"replies":[{"embeddable":true,"href":"https:\/\/blog.uclm.es\/josemariaherranz\/wp-json\/wp\/v2\/comments?post=160"}],"version-history":[{"count":0,"href":"https:\/\/blog.uclm.es\/josemariaherranz\/wp-json\/wp\/v2\/posts\/160\/revisions"}],"wp:featuredmedia":[{"embeddable":true,"href":"https:\/\/blog.uclm.es\/josemariaherranz\/wp-json\/wp\/v2\/media\/162"}],"wp:attachment":[{"href":"https:\/\/blog.uclm.es\/josemariaherranz\/wp-json\/wp\/v2\/media?parent=160"}],"wp:term":[{"taxonomy":"category","embeddable":true,"href":"https:\/\/blog.uclm.es\/josemariaherranz\/wp-json\/wp\/v2\/categories?post=160"},{"taxonomy":"post_tag","embeddable":true,"href":"https:\/\/blog.uclm.es\/josemariaherranz\/wp-json\/wp\/v2\/tags?post=160"}],"curies":[{"name":"wp","href":"https:\/\/api.w.org\/{rel}","templated":true}]}}