{"id":1490,"date":"2024-08-02T15:49:14","date_gmt":"2024-08-02T15:49:14","guid":{"rendered":"https:\/\/blog.uclm.es\/josemariaherranz\/?p=1490"},"modified":"2026-03-25T18:49:26","modified_gmt":"2026-03-25T18:49:26","slug":"la-comunicacion-del-patrimonio-cultural-empresarial","status":"publish","type":"post","link":"https:\/\/blog.uclm.es\/josemariaherranz\/2024\/08\/02\/la-comunicacion-del-patrimonio-cultural-empresarial\/","title":{"rendered":"La comunicaci\u00f3n del patrimonio cultural empresarial"},"content":{"rendered":"\n<p>A lo largo del mes de julio, la profesora de la Universidad de La Sapienza en Roma, Valentina Martino, ha visitado la Facultad de Comunicaci\u00f3n. La visita forma parte del desarrollo de un nuevo proyecto de investigaci\u00f3n sobre la gesti\u00f3n de la comunicaci\u00f3n del patrimonio cultural empresarial en Italia y Espa\u00f1a. Valentina ha aprovechado estos d\u00edas para visitar museos corporativos y empresariales en Espa\u00f1a. <\/p>\n\n\n\n<p>Adem\u00e1s, est\u00e1 previsto que en noviembre, se desarrolle un encuentro internacional en Roma que acoja a distintos expertos y profesionales para debatir sobre estos temas. El encuentro se desarrollar\u00e1 dentro del <a href=\"https:\/\/web.uniroma1.it\/bibliocoris\/sites\/default\/files\/Brochure%20SPA_Stampa.pdf\">BiblHuB\u00a0Sapienza<\/a>, proyecto del Departamento de Comunicaci\u00f3n e Investigaci\u00f3n Social de la Sapieza. Este proyecto ya cuenta con un c<a href=\"https:\/\/opac.uniroma1.it\/SebinaOpacRMS\/query\/biblhub?context=catalogo\">at\u00e1logo especializado en la comunicaci\u00f3n cultural empresarial<\/a>, que conserva, estudia y pone en valor en sus m\u00faltiples expresiones, el patrimonio literario editado por iniciativa directa de empresas y organizaciones.<\/p>\n","protected":false},"excerpt":{"rendered":"<p>A lo largo del mes de julio, la profesora de la Universidad de La Sapienza en Roma, Valentina Martino, ha visitado la Facultad de Comunicaci\u00f3n. La visita forma parte del desarrollo de un nuevo proyecto de investigaci\u00f3n sobre la gesti\u00f3n de la comunicaci\u00f3n del patrimonio cultural empresarial en Italia y Espa\u00f1a. Valentina ha aprovechado estos [&hellip;]<\/p>\n","protected":false},"author":84,"featured_media":1491,"comment_status":"open","ping_status":"open","sticky":false,"template":"","format":"standard","meta":{"footnotes":""},"categories":[2],"tags":[18,39,93],"class_list":["post-1490","post","type-post","status-publish","format-standard","has-post-thumbnail","hentry","category-noticias","tag-comunicacion-corporativa","tag-facultad-de-comunicacion","tag-museos-corporativos"],"_links":{"self":[{"href":"https:\/\/blog.uclm.es\/josemariaherranz\/wp-json\/wp\/v2\/posts\/1490","targetHints":{"allow":["GET"]}}],"collection":[{"href":"https:\/\/blog.uclm.es\/josemariaherranz\/wp-json\/wp\/v2\/posts"}],"about":[{"href":"https:\/\/blog.uclm.es\/josemariaherranz\/wp-json\/wp\/v2\/types\/post"}],"author":[{"embeddable":true,"href":"https:\/\/blog.uclm.es\/josemariaherranz\/wp-json\/wp\/v2\/users\/84"}],"replies":[{"embeddable":true,"href":"https:\/\/blog.uclm.es\/josemariaherranz\/wp-json\/wp\/v2\/comments?post=1490"}],"version-history":[{"count":1,"href":"https:\/\/blog.uclm.es\/josemariaherranz\/wp-json\/wp\/v2\/posts\/1490\/revisions"}],"predecessor-version":[{"id":1492,"href":"https:\/\/blog.uclm.es\/josemariaherranz\/wp-json\/wp\/v2\/posts\/1490\/revisions\/1492"}],"wp:featuredmedia":[{"embeddable":true,"href":"https:\/\/blog.uclm.es\/josemariaherranz\/wp-json\/wp\/v2\/media\/1491"}],"wp:attachment":[{"href":"https:\/\/blog.uclm.es\/josemariaherranz\/wp-json\/wp\/v2\/media?parent=1490"}],"wp:term":[{"taxonomy":"category","embeddable":true,"href":"https:\/\/blog.uclm.es\/josemariaherranz\/wp-json\/wp\/v2\/categories?post=1490"},{"taxonomy":"post_tag","embeddable":true,"href":"https:\/\/blog.uclm.es\/josemariaherranz\/wp-json\/wp\/v2\/tags?post=1490"}],"curies":[{"name":"wp","href":"https:\/\/api.w.org\/{rel}","templated":true}]}}