{"id":1455,"date":"2023-04-28T16:36:31","date_gmt":"2023-04-28T16:36:31","guid":{"rendered":"https:\/\/blog.uclm.es\/josemariaherranz\/?p=1455"},"modified":"2024-02-01T16:43:52","modified_gmt":"2024-02-01T16:43:52","slug":"desinformacion-reputacion-e-imagen-corporativa-consolidan-la-novena-edicion-de-dircomuclm","status":"publish","type":"post","link":"https:\/\/blog.uclm.es\/josemariaherranz\/2023\/04\/28\/desinformacion-reputacion-e-imagen-corporativa-consolidan-la-novena-edicion-de-dircomuclm\/","title":{"rendered":"Desinformaci\u00f3n, reputaci\u00f3n e imagen corporativa consolidan la novena edici\u00f3n de DircomUCLM"},"content":{"rendered":"\n<p>Cerramos la novena edici\u00f3n del Seminario \u00abDe las Relaciones P\u00fablicas a la Comunicaci\u00f3n Corporativa\u00bb, con la tem\u00e1tica Desinformaci\u00f3n, reputaci\u00f3n\u00a0e imagen corporativa\u00a0en el que han participado distintos ponentes a lo largo de dos meses. <\/p>\n\n\n\n<p>Las sesiones empezaron el pasado 20 marzo con la conferencia titulada: \u00abLa gesti\u00f3n de la comunicaci\u00f3n en Plena Inclusi\u00f3n Castilla La Mancha\u00bb, presentada por Ricardo Barcel\u00f3, responsable de comunicaci\u00f3n y accesibilidad de Plena Inclusi\u00f3n Castilla-La Mancha. En su conferencia present\u00f3 la evaluaci\u00f3n de la organizaci\u00f3n de la comunicaci\u00f3n en una federaci\u00f3n que agrupa a m\u00e1s de 29 organizaciones en Castilla-La Mancha. La siguiente sesi\u00f3n fue el 27 marzo a cargo de Juli\u00e1n Torres Roa, consultor en comunicaci\u00f3n y marcas\u00a0que hablar\u00e1 sobre <a href=\"https:\/\/twitter.com\/jmherranz\/status\/1640378209421209603\">\u00abComunicaci\u00f3n Estrat\u00e9gica Y ahora &#8230; \u00bfA d\u00f3nde vamos?\u00bb<\/a>. En ella realiz\u00f3 un recorrido sobre la relevancia de la gesti\u00f3n de la comunicaci\u00f3n en la estrategia de grandes y peque\u00f1as empresas.<\/p>\n\n\n\n<p>En la tercera sesi\u00f3n, el 18 abril participaron distintos  representantes de la Academia de Inteligencia del CNI y los alumnos de la Facultad de comunicaci\u00f3n pudieron conocer de primera mano, el funcionamiento y la gesti\u00f3n de la comunicaci\u00f3n del Centro Nacional de Inteligencia (CNI).\u00a0<\/p>\n\n\n\n<p>Por \u00faltimo, el 24 de abril, Ignacio Jim\u00e9nez Soler, director General de Comunicaci\u00f3n de Endesa cerr\u00f3 el ciclo con la conferencia: \u00abEl impacto de la desinformaci\u00f3n sobre la reputaci\u00f3n y la imagen de las empresas y medios\u00bb.\u00a0Dos ideas claves para tener en cuenta por los responsables de comunicaci\u00f3n de cualquier empresa: La desinformaci\u00f3n es una enfermedad cr\u00f3nica en nuestro mundo y todos somos c\u00f3mplices en alg\u00fan momento.<\/p>\n\n\n\n<figure class=\"wp-block-image size-large\"><img loading=\"lazy\" decoding=\"async\" width=\"1024\" height=\"768\" src=\"https:\/\/blog.uclm.es\/josemariaherranz\/wp-content\/uploads\/sites\/241\/2024\/02\/NachoJimenez1-1024x768.jpg\" alt=\"\" class=\"wp-image-1457\" srcset=\"https:\/\/blog.uclm.es\/josemariaherranz\/wp-content\/uploads\/sites\/241\/2024\/02\/NachoJimenez1-1024x768.jpg 1024w, https:\/\/blog.uclm.es\/josemariaherranz\/wp-content\/uploads\/sites\/241\/2024\/02\/NachoJimenez1-300x225.jpg 300w, https:\/\/blog.uclm.es\/josemariaherranz\/wp-content\/uploads\/sites\/241\/2024\/02\/NachoJimenez1-768x576.jpg 768w, https:\/\/blog.uclm.es\/josemariaherranz\/wp-content\/uploads\/sites\/241\/2024\/02\/NachoJimenez1-1536x1152.jpg 1536w, https:\/\/blog.uclm.es\/josemariaherranz\/wp-content\/uploads\/sites\/241\/2024\/02\/NachoJimenez1-624x468.jpg 624w, https:\/\/blog.uclm.es\/josemariaherranz\/wp-content\/uploads\/sites\/241\/2024\/02\/NachoJimenez1.jpg 2048w\" sizes=\"auto, (max-width: 1024px) 100vw, 1024px\" \/><\/figure>\n","protected":false},"excerpt":{"rendered":"<p>Cerramos la novena edici\u00f3n del Seminario \u00abDe las Relaciones P\u00fablicas a la Comunicaci\u00f3n Corporativa\u00bb, con la tem\u00e1tica Desinformaci\u00f3n, reputaci\u00f3n\u00a0e imagen corporativa\u00a0en el que han participado distintos ponentes a lo largo de dos meses. Las sesiones empezaron el pasado 20 marzo con la conferencia titulada: \u00abLa gesti\u00f3n de la comunicaci\u00f3n en Plena Inclusi\u00f3n Castilla La Mancha\u00bb, [&hellip;]<\/p>\n","protected":false},"author":84,"featured_media":1458,"comment_status":"open","ping_status":"open","sticky":false,"template":"","format":"standard","meta":{"footnotes":""},"categories":[2],"tags":[7,18,74],"class_list":["post-1455","post","type-post","status-publish","format-standard","has-post-thumbnail","hentry","category-noticias","tag-dircomuclm","tag-comunicacion-corporativa","tag-seminariojornada"],"_links":{"self":[{"href":"https:\/\/blog.uclm.es\/josemariaherranz\/wp-json\/wp\/v2\/posts\/1455","targetHints":{"allow":["GET"]}}],"collection":[{"href":"https:\/\/blog.uclm.es\/josemariaherranz\/wp-json\/wp\/v2\/posts"}],"about":[{"href":"https:\/\/blog.uclm.es\/josemariaherranz\/wp-json\/wp\/v2\/types\/post"}],"author":[{"embeddable":true,"href":"https:\/\/blog.uclm.es\/josemariaherranz\/wp-json\/wp\/v2\/users\/84"}],"replies":[{"embeddable":true,"href":"https:\/\/blog.uclm.es\/josemariaherranz\/wp-json\/wp\/v2\/comments?post=1455"}],"version-history":[{"count":2,"href":"https:\/\/blog.uclm.es\/josemariaherranz\/wp-json\/wp\/v2\/posts\/1455\/revisions"}],"predecessor-version":[{"id":1459,"href":"https:\/\/blog.uclm.es\/josemariaherranz\/wp-json\/wp\/v2\/posts\/1455\/revisions\/1459"}],"wp:featuredmedia":[{"embeddable":true,"href":"https:\/\/blog.uclm.es\/josemariaherranz\/wp-json\/wp\/v2\/media\/1458"}],"wp:attachment":[{"href":"https:\/\/blog.uclm.es\/josemariaherranz\/wp-json\/wp\/v2\/media?parent=1455"}],"wp:term":[{"taxonomy":"category","embeddable":true,"href":"https:\/\/blog.uclm.es\/josemariaherranz\/wp-json\/wp\/v2\/categories?post=1455"},{"taxonomy":"post_tag","embeddable":true,"href":"https:\/\/blog.uclm.es\/josemariaherranz\/wp-json\/wp\/v2\/tags?post=1455"}],"curies":[{"name":"wp","href":"https:\/\/api.w.org\/{rel}","templated":true}]}}