{"id":1439,"date":"2023-05-02T20:54:55","date_gmt":"2023-05-02T20:54:55","guid":{"rendered":"https:\/\/blog.uclm.es\/josemariaherranz\/?p=1439"},"modified":"2023-05-02T20:56:38","modified_gmt":"2023-05-02T20:56:38","slug":"1439","status":"publish","type":"post","link":"https:\/\/blog.uclm.es\/josemariaherranz\/2023\/05\/02\/1439\/","title":{"rendered":"La Facultad de Comunicaci\u00f3n celebra su II Semana de la Libertad de Prensa"},"content":{"rendered":"\n<p><strong>Conferencias sobre diversos temas, una exposici\u00f3n fotogr\u00e1fica, programas de radio en directo, una cata de vino y varios concursos son algunas de las actividades programadas para celebrar la II Semana de la Libertad de Prensa\/Expresi\u00f3n\/Comunicaci\u00f3n del 3 al 10 de mayo<\/strong>.<\/p>\n\n\n\n<p>Coincidiendo con la celebraci\u00f3n del D\u00eda Mundial de la Libertad de Prensa, la Facultad de Comunicaci\u00f3n de la Universidad de Castilla-La Mancha comienza ocho d\u00edas de actividades formativas y l\u00fadicas agrupadas bajo el programa de la II\u00a0Semana de la Libertad de Prensa\/Expresi\u00f3n\/Comunicaci\u00f3n.<\/p>\n\n\n\n<p>Como acto inaugural, ma\u00f1ana mi\u00e9rcoles 3 de mayo las 10:30 horas, se llevar\u00e1 a cabo la lectura p\u00fablica del manifiesto elaborado por la Federaci\u00f3n de Asociaciones de Periodistas de Espa\u00f1a (FAPE) para conmemorar el D\u00eda Mundial de la Libertad de Prensa. El escenario ser\u00e1\u00a0plaza de la Libertad de Expresi\u00f3n. A continuaci\u00f3n, se celebrar\u00e1 una cata comentada de vinos de la Denominaci\u00f3n de Origen La Mancha, que servir\u00e1 como pre\u00e1mbulo del curso de verano sobre comunicaci\u00f3n y vino que tendr\u00e1 lugar el 27 y 28 de septiembre en la Facultad de Comunicaci\u00f3n. Por la tarde, a partir de las 16 horas, visitar\u00e1 la universidad el director y guionista Hugo de la Riva, quien hablar\u00e1 a los alumnos sobre la funci\u00f3n del guion en el desarrollo de un cortometraje.\u00a0<\/p>\n\n\n\n<p>Al d\u00eda siguiente, los estudiantes Mar\u00eda Jes\u00fas G\u00f3mez y Daniel Garc\u00eda ofrecer\u00e1n una conferencia sobre comunicaci\u00f3n y videojuegos (11 horas). Seguidamente, se celebrar\u00e1 el concurso Trivial @FcomUCLM, coordinado por la Delegaci\u00f3n de Alumnos de la Facultad de Comunicaci\u00f3n.<\/p>\n\n\n\n<p>A las 12:30, abrir\u00e1 sus puertas la exposici\u00f3n fotogr\u00e1fica&nbsp;<em>La ciudad no vive en m\u00ed,&nbsp;<\/em>de la fot\u00f3grafa Ely Pi\u00f1eiro Font, en la Sala de exposiciones Ricardo Ortega. Y por la tarde, se celebrar\u00e1 un conversatorio con Crist\u00f3bal Hara, Premio Nacional de Fotograf\u00eda 2022.<\/p>\n\n\n\n<p>El viernes, a las 9:30 horas, Ely Pi\u00f1eiro Font ofrecer\u00e1 un taller titulado&nbsp;<em>Feminizar el territorio desde la fotograf\u00eda. Una mirada para contextualizar lo rural,<\/em>&nbsp;dentro de las actividades del Seminario Permanente Comunicaci\u00f3n y Nuevas Ruralidades.&nbsp;<\/p>\n\n\n\n<p>El lunes 8 de mayo continuar\u00e1n las actividades con la emisi\u00f3n en directo de la 8\u00aa edici\u00f3n de Un d\u00eda de Radio. Desde las 9:00 hasta las14:30, el estudiantado de la facultad emitir\u00e1 en directo cinco horas y medias de radio con una variada programaci\u00f3n en la que no faltar\u00e1n las entrevista a destacadas personalidades de distintos \u00e1mbitos y la informaci\u00f3n.&nbsp;<\/p>\n\n\n\n<p>El 9 de mayo, por la tarde, la Facultad de Comunicaci\u00f3n se unir\u00e1 a la celebraci\u00f3n del D\u00eda de Europa con la mesa redonda&nbsp;<em>El futuro de Europa,<\/em>&nbsp;en la que participar\u00e1n Antonio Moreno, catedr\u00e1tico especialista en Historia de Europa, y el eurodiputado C\u00e9sar Luena.<\/p>\n\n\n\n<p>Las actividades de la&nbsp;II&nbsp;Semana de la Libertad de Prensa\/Expresi\u00f3n\/Comunicaci\u00f3n finalizar\u00e1n el 10 de mayo con una conferencia de \u00d3scar Cornejo, consejero delegado de La F\u00e1brica de la Tele, bajo el t\u00edtulo&nbsp;<em>La televisi\u00f3n popular, la televisi\u00f3n que trasciende<\/em>. La cita ser\u00e1 a las 17 horas en el sal\u00f3n de actos del Edificio Melchor Cano.<\/p>\n\n\n\n<p>Todas las actividades se podr\u00e1n seguir a trav\u00e9s de las redes sociales de la facultad con la etiqueta #SemanaFcomUCLM.<\/p>\n\n\n\n<figure class=\"wp-block-image size-large\"><img loading=\"lazy\" decoding=\"async\" width=\"713\" height=\"1024\" src=\"https:\/\/blog.uclm.es\/josemariaherranz\/wp-content\/uploads\/sites\/241\/2023\/05\/CartelSemanaFcom-713x1024.png\" alt=\"\" class=\"wp-image-1441\" srcset=\"https:\/\/blog.uclm.es\/josemariaherranz\/wp-content\/uploads\/sites\/241\/2023\/05\/CartelSemanaFcom-713x1024.png 713w, https:\/\/blog.uclm.es\/josemariaherranz\/wp-content\/uploads\/sites\/241\/2023\/05\/CartelSemanaFcom-209x300.png 209w, https:\/\/blog.uclm.es\/josemariaherranz\/wp-content\/uploads\/sites\/241\/2023\/05\/CartelSemanaFcom-768x1103.png 768w, https:\/\/blog.uclm.es\/josemariaherranz\/wp-content\/uploads\/sites\/241\/2023\/05\/CartelSemanaFcom-624x897.png 624w, https:\/\/blog.uclm.es\/josemariaherranz\/wp-content\/uploads\/sites\/241\/2023\/05\/CartelSemanaFcom.png 806w\" sizes=\"auto, (max-width: 713px) 100vw, 713px\" \/><\/figure>\n","protected":false},"excerpt":{"rendered":"<p>Conferencias sobre diversos temas, una exposici\u00f3n fotogr\u00e1fica, programas de radio en directo, una cata de vino y varios concursos son algunas de las actividades programadas para celebrar la II Semana de la Libertad de Prensa\/Expresi\u00f3n\/Comunicaci\u00f3n del 3 al 10 de mayo. Coincidiendo con la celebraci\u00f3n del D\u00eda Mundial de la Libertad de Prensa, la Facultad [&hellip;]<\/p>\n","protected":false},"author":84,"featured_media":1440,"comment_status":"open","ping_status":"open","sticky":false,"template":"","format":"standard","meta":{"footnotes":""},"categories":[2],"tags":[91,39,74],"class_list":["post-1439","post","type-post","status-publish","format-standard","has-post-thumbnail","hentry","category-noticias","tag-semanafcomuclm","tag-facultad-de-comunicacion","tag-seminariojornada"],"_links":{"self":[{"href":"https:\/\/blog.uclm.es\/josemariaherranz\/wp-json\/wp\/v2\/posts\/1439","targetHints":{"allow":["GET"]}}],"collection":[{"href":"https:\/\/blog.uclm.es\/josemariaherranz\/wp-json\/wp\/v2\/posts"}],"about":[{"href":"https:\/\/blog.uclm.es\/josemariaherranz\/wp-json\/wp\/v2\/types\/post"}],"author":[{"embeddable":true,"href":"https:\/\/blog.uclm.es\/josemariaherranz\/wp-json\/wp\/v2\/users\/84"}],"replies":[{"embeddable":true,"href":"https:\/\/blog.uclm.es\/josemariaherranz\/wp-json\/wp\/v2\/comments?post=1439"}],"version-history":[{"count":2,"href":"https:\/\/blog.uclm.es\/josemariaherranz\/wp-json\/wp\/v2\/posts\/1439\/revisions"}],"predecessor-version":[{"id":1443,"href":"https:\/\/blog.uclm.es\/josemariaherranz\/wp-json\/wp\/v2\/posts\/1439\/revisions\/1443"}],"wp:featuredmedia":[{"embeddable":true,"href":"https:\/\/blog.uclm.es\/josemariaherranz\/wp-json\/wp\/v2\/media\/1440"}],"wp:attachment":[{"href":"https:\/\/blog.uclm.es\/josemariaherranz\/wp-json\/wp\/v2\/media?parent=1439"}],"wp:term":[{"taxonomy":"category","embeddable":true,"href":"https:\/\/blog.uclm.es\/josemariaherranz\/wp-json\/wp\/v2\/categories?post=1439"},{"taxonomy":"post_tag","embeddable":true,"href":"https:\/\/blog.uclm.es\/josemariaherranz\/wp-json\/wp\/v2\/tags?post=1439"}],"curies":[{"name":"wp","href":"https:\/\/api.w.org\/{rel}","templated":true}]}}