{"id":143,"date":"2016-10-30T18:23:10","date_gmt":"2016-10-30T17:23:10","guid":{"rendered":"http:\/\/blog.uclm.es\/josemariaherranz\/?p=143"},"modified":"2016-10-30T18:23:10","modified_gmt":"2016-10-30T17:23:10","slug":"presentacion-de-comunicacion-en-el-congreso-internacional-de-trabajo-social-de-san-sebastian","status":"publish","type":"post","link":"https:\/\/blog.uclm.es\/josemariaherranz\/2016\/10\/30\/presentacion-de-comunicacion-en-el-congreso-internacional-de-trabajo-social-de-san-sebastian\/","title":{"rendered":"Presentaci\u00f3n de comunicaci\u00f3n en el Congreso Internacional de Trabajo Social de San Sebasti\u00e1n"},"content":{"rendered":"<div class=\"entry-content\">\n<p>Jos\u00e9 Mar\u00eda Herranz, Emilio G\u00f3mez (en la fotograf\u00eda) y Esther Mercado presentaron una comunicaci\u00f3n con el t\u00edtulo: \u201cEl proyecto MOMU o c\u00f3mo trabajar sin\u00e9rgicamente desde periodismo, bellas artes y trabajo social para favorecer la integraci\u00f3n de los j\u00f3venes en situaci\u00f3n de vulnerabilidad social\u201d en el III Congreso Internacional de Trabajo Social titulado: <em>Trabajo Social: arte para <\/em><em>generar v\u00ednculos<\/em> que se celebr\u00f3 en el campus de San Sebasti\u00e1n de la Universidad de Deusto durante los d\u00edas 26, 27 y 28 de octubre de 2016.<\/p>\n<p>La comunicaci\u00f3n presenta los avances del <a href=\"http:\/\/blog.uclm.es\/MOMU\">proyecto MOMU<\/a> despu\u00e9s del primer a\u00f1o de vida y las perspectivas de trabajo futuras en el que soy miembro.<\/p>\n<\/div>\n","protected":false},"excerpt":{"rendered":"<p>Jos\u00e9 Mar\u00eda Herranz, Emilio G\u00f3mez (en la fotograf\u00eda) y Esther Mercado presentaron una comunicaci\u00f3n con el t\u00edtulo: \u201cEl proyecto MOMU o c\u00f3mo trabajar sin\u00e9rgicamente desde periodismo, bellas artes y trabajo social para favorecer la integraci\u00f3n de los j\u00f3venes en situaci\u00f3n de vulnerabilidad social\u201d en el III Congreso Internacional de Trabajo Social titulado: Trabajo Social: arte [&hellip;]<\/p>\n","protected":false},"author":84,"featured_media":144,"comment_status":"closed","ping_status":"open","sticky":false,"template":"","format":"standard","meta":{"footnotes":""},"categories":[2],"tags":[21,47,53],"class_list":["post-143","post","type-post","status-publish","format-standard","has-post-thumbnail","hentry","category-noticias","tag-congreso","tag-investigacion","tag-momu"],"_links":{"self":[{"href":"https:\/\/blog.uclm.es\/josemariaherranz\/wp-json\/wp\/v2\/posts\/143","targetHints":{"allow":["GET"]}}],"collection":[{"href":"https:\/\/blog.uclm.es\/josemariaherranz\/wp-json\/wp\/v2\/posts"}],"about":[{"href":"https:\/\/blog.uclm.es\/josemariaherranz\/wp-json\/wp\/v2\/types\/post"}],"author":[{"embeddable":true,"href":"https:\/\/blog.uclm.es\/josemariaherranz\/wp-json\/wp\/v2\/users\/84"}],"replies":[{"embeddable":true,"href":"https:\/\/blog.uclm.es\/josemariaherranz\/wp-json\/wp\/v2\/comments?post=143"}],"version-history":[{"count":0,"href":"https:\/\/blog.uclm.es\/josemariaherranz\/wp-json\/wp\/v2\/posts\/143\/revisions"}],"wp:featuredmedia":[{"embeddable":true,"href":"https:\/\/blog.uclm.es\/josemariaherranz\/wp-json\/wp\/v2\/media\/144"}],"wp:attachment":[{"href":"https:\/\/blog.uclm.es\/josemariaherranz\/wp-json\/wp\/v2\/media?parent=143"}],"wp:term":[{"taxonomy":"category","embeddable":true,"href":"https:\/\/blog.uclm.es\/josemariaherranz\/wp-json\/wp\/v2\/categories?post=143"},{"taxonomy":"post_tag","embeddable":true,"href":"https:\/\/blog.uclm.es\/josemariaherranz\/wp-json\/wp\/v2\/tags?post=143"}],"curies":[{"name":"wp","href":"https:\/\/api.w.org\/{rel}","templated":true}]}}