{"id":1429,"date":"2023-03-26T20:22:16","date_gmt":"2023-03-26T20:22:16","guid":{"rendered":"https:\/\/blog.uclm.es\/josemariaherranz\/?p=1429"},"modified":"2023-03-28T20:29:50","modified_gmt":"2023-03-28T20:29:50","slug":"comunicacion-y-nueva-ruralidad","status":"publish","type":"post","link":"https:\/\/blog.uclm.es\/josemariaherranz\/2023\/03\/26\/comunicacion-y-nueva-ruralidad\/","title":{"rendered":"Comunicaci\u00f3n y nuevas ruralidades"},"content":{"rendered":"\n<p>Del 14 de abril al 12 de mayo se celebrar\u00e1 en la Facultad de Comunicaci\u00f3n dos actividades dentro del <a rel=\"noreferrer noopener\" href=\"https:\/\/lacircular.es\/seminariocomunicacion\" target=\"_blank\">Seminario Permanente Comunicaci\u00f3n y nuevas ruralidades que se celebrar\u00e1n<\/a>:<\/p>\n\n\n\n<p>[1. Contexto] del 14 de abril al 22 de abril 2023<\/p>\n\n\n\n<p>[2. Narrativas] del 29 de abril al 12 de mayo 2023.<\/p>\n\n\n\n<p>Dinamismo, oportunidades, innovaci\u00f3n son palabras que parecen asociadas a lo urbano frente a lo rural. Puede que ese haya sido el discurso a lo largo de las \u00faltimas d\u00e9cadas para ofrecer de una imagen y una percepci\u00f3n confrontada entre lo urbano y lo rural.<\/p>\n\n\n\n<p>Esta idea confrontada est\u00e1 cambiando y la relevancia de lo rural en lo pol\u00edtico, social y cultural es cada d\u00eda un hecho. Lo rural no solo est\u00e1 de moda sino que se est\u00e1 posicionando como un activo esencial frente al reto demogr\u00e1fico y el contexto actual de la guerra de Ucrania, la sostenibilidad o la subida de precios de los alimentos b\u00e1sicos y la energ\u00eda. Pero, \u00bfc\u00f3mo se est\u00e1 comunicando todo esto?, \u00bfQu\u00e9 espacio tienen en los medios de comunicaci\u00f3n?, \u00bfDe qu\u00e9 manera el talento se est\u00e1 desarrollando en y desde lo rural?, \u00bfExisten buenas pr\u00e1cticas?<\/p>\n\n\n\n<p>En estos dos seminarios se va a explorar este espacio desde el contexto rural, con el trabajo de campo en tres localidades, y desde la reflexi\u00f3n y trabajo en el aula. Estos seminarios ser\u00e1n un punto de encuentro entre la realidad rural y los universitarios que ser\u00e1n los comunicadores del futuro y que pueden encontrar en este espacio rural, una oportunidad de emprendimiento. Los seminarios pretenden contribuir a la creaci\u00f3n de un nuevo relato sobre el constructo cultural de la ruralidad, para disociarlo de los valores negativos que lo han caracterizado en las \u00faltimas d\u00e9cadas y asociarlo a los nuevos valores sociales de b\u00fasqueda de calidad de vida y las nuevas formas de entender el desarrollo sostenible.<\/p>\n\n\n\n<p>En el primero [1. Contexto] queremos acercar a los alumnosa la realidad de comunicar la nueva ruralidad desde una perspectiva asentadas en las experiencias sobre el territorio de la provincia de Cuenca. Partimos del conocimiento del contexto rural para poder llegar a generar una nueva de contar lo rural.<\/p>\n\n\n\n<p>El segundo seminario [2. Narrativas] se centra en la narrativa, en la forma de generar el discurso de lo rural, no solo escrito sino tambi\u00e9n visual. No solo en la prensa sino tambi\u00e9n en la televisi\u00f3n y en Internet. \u00bfQui\u00e9nes son los nuevos influencers de los rural, qui\u00e9nes son los protagonistas de estos discursos y c\u00f3mo los est\u00e1n haciendo? Los alumnos tendr\u00e1n que desarrollar un discurso o una narrativa a partir de las experiencias con los protagonistas del espacio rural.<\/p>\n\n\n\n<p>La direcci\u00f3n de la actividad corre a cargo de: Jos\u00e9 Mar\u00eda Herranz de la Casa, profesor de la Facultad de Comunicaci\u00f3n (josemaria.herranz@uclm.es) y Jos\u00e9 Antonio Montero \u00c1lvarez, profesor de la Facultad de Educaci\u00f3n (jose.montero@uclm.es) Y la Secretaria acad\u00e9mica a cargo de Pablo G\u00f3mez Iniesta, investigador de la Facultad de Comunicaci\u00f3n (pablo.gomeziniesta@uclm.es)<\/p>\n\n\n\n<p>Este Seminario Permanente forma parte de las actividades de la C\u00e1tedra de Oportunidades frente al reto demogr\u00e1fico de la Diputaci\u00f3n de Cuenca y la Universidad de Castilla-La Mancha.<\/p>\n\n\n\n<p>Cada seminario conceder\u00e1 <a rel=\"noreferrer noopener\" href=\"https:\/\/cursosweb.uclm.es\/index.aspx\" target=\"_blank\">1cr\u00e9dito para todos los alumnos matriculados<\/a> y que participen en las distintas actividades programadas a lo largo de los meses de abril y mayo.<\/p>\n","protected":false},"excerpt":{"rendered":"<p>Del 14 de abril al 12 de mayo se celebrar\u00e1 en la Facultad de Comunicaci\u00f3n dos actividades dentro del Seminario Permanente Comunicaci\u00f3n y nuevas ruralidades que se celebrar\u00e1n: [1. Contexto] del 14 de abril al 22 de abril 2023 [2. Narrativas] del 29 de abril al 12 de mayo 2023. Dinamismo, oportunidades, innovaci\u00f3n son palabras [&hellip;]<\/p>\n","protected":false},"author":84,"featured_media":1430,"comment_status":"open","ping_status":"open","sticky":false,"template":"","format":"standard","meta":{"footnotes":""},"categories":[2],"tags":[90,74],"class_list":["post-1429","post","type-post","status-publish","format-standard","has-post-thumbnail","hentry","category-noticias","tag-ruralidad","tag-seminariojornada"],"_links":{"self":[{"href":"https:\/\/blog.uclm.es\/josemariaherranz\/wp-json\/wp\/v2\/posts\/1429","targetHints":{"allow":["GET"]}}],"collection":[{"href":"https:\/\/blog.uclm.es\/josemariaherranz\/wp-json\/wp\/v2\/posts"}],"about":[{"href":"https:\/\/blog.uclm.es\/josemariaherranz\/wp-json\/wp\/v2\/types\/post"}],"author":[{"embeddable":true,"href":"https:\/\/blog.uclm.es\/josemariaherranz\/wp-json\/wp\/v2\/users\/84"}],"replies":[{"embeddable":true,"href":"https:\/\/blog.uclm.es\/josemariaherranz\/wp-json\/wp\/v2\/comments?post=1429"}],"version-history":[{"count":2,"href":"https:\/\/blog.uclm.es\/josemariaherranz\/wp-json\/wp\/v2\/posts\/1429\/revisions"}],"predecessor-version":[{"id":1432,"href":"https:\/\/blog.uclm.es\/josemariaherranz\/wp-json\/wp\/v2\/posts\/1429\/revisions\/1432"}],"wp:featuredmedia":[{"embeddable":true,"href":"https:\/\/blog.uclm.es\/josemariaherranz\/wp-json\/wp\/v2\/media\/1430"}],"wp:attachment":[{"href":"https:\/\/blog.uclm.es\/josemariaherranz\/wp-json\/wp\/v2\/media?parent=1429"}],"wp:term":[{"taxonomy":"category","embeddable":true,"href":"https:\/\/blog.uclm.es\/josemariaherranz\/wp-json\/wp\/v2\/categories?post=1429"},{"taxonomy":"post_tag","embeddable":true,"href":"https:\/\/blog.uclm.es\/josemariaherranz\/wp-json\/wp\/v2\/tags?post=1429"}],"curies":[{"name":"wp","href":"https:\/\/api.w.org\/{rel}","templated":true}]}}