{"id":1367,"date":"2022-06-13T21:52:00","date_gmt":"2022-06-13T20:52:00","guid":{"rendered":"https:\/\/blog.uclm.es\/josemariaherranz\/?p=1367"},"modified":"2022-06-13T21:52:00","modified_gmt":"2022-06-13T20:52:00","slug":"primera-promocion-de-graduados-de-comunicacion-audiovisual-en-la-facultad-de-comunicacion","status":"publish","type":"post","link":"https:\/\/blog.uclm.es\/josemariaherranz\/2022\/06\/13\/primera-promocion-de-graduados-de-comunicacion-audiovisual-en-la-facultad-de-comunicacion\/","title":{"rendered":"Primera promoci\u00f3n de graduados de comunicaci\u00f3n audiovisual en la Facultad de Comunicaci\u00f3n"},"content":{"rendered":"\n<p>El pasado 11 de junio celebramos la graduaci\u00f3n de la IX Promoci\u00f3n de Periodismo y la I Promoci\u00f3n de Comunicaci\u00f3n Audiovisual. Un acto que congrego a padres, alumnos y profesores de la Facultad de Comunicaci\u00f3n. <\/p>\n\n\n\n<figure class=\"wp-block-image size-full\"><img loading=\"lazy\" decoding=\"async\" width=\"652\" height=\"869\" src=\"https:\/\/blog.uclm.es\/josemariaherranz\/files\/2022\/08\/FU-zVLCWYAEFllh.jpeg\" alt=\"\" class=\"wp-image-1369\" srcset=\"https:\/\/blog.uclm.es\/josemariaherranz\/wp-content\/uploads\/sites\/241\/2022\/08\/FU-zVLCWYAEFllh.jpeg 652w, https:\/\/blog.uclm.es\/josemariaherranz\/wp-content\/uploads\/sites\/241\/2022\/08\/FU-zVLCWYAEFllh-225x300.jpeg 225w, https:\/\/blog.uclm.es\/josemariaherranz\/wp-content\/uploads\/sites\/241\/2022\/08\/FU-zVLCWYAEFllh-624x832.jpeg 624w\" sizes=\"auto, (max-width: 652px) 100vw, 652px\" \/><\/figure>\n","protected":false},"excerpt":{"rendered":"<p>El pasado 11 de junio celebramos la graduaci\u00f3n de la IX Promoci\u00f3n de Periodismo y la I Promoci\u00f3n de Comunicaci\u00f3n Audiovisual. Un acto que congrego a padres, alumnos y profesores de la Facultad de Comunicaci\u00f3n.<\/p>\n","protected":false},"author":84,"featured_media":1368,"comment_status":"closed","ping_status":"open","sticky":false,"template":"","format":"standard","meta":{"footnotes":""},"categories":[2],"tags":[35,39],"class_list":["post-1367","post","type-post","status-publish","format-standard","has-post-thumbnail","hentry","category-noticias","tag-egresados","tag-facultad-de-comunicacion"],"_links":{"self":[{"href":"https:\/\/blog.uclm.es\/josemariaherranz\/wp-json\/wp\/v2\/posts\/1367","targetHints":{"allow":["GET"]}}],"collection":[{"href":"https:\/\/blog.uclm.es\/josemariaherranz\/wp-json\/wp\/v2\/posts"}],"about":[{"href":"https:\/\/blog.uclm.es\/josemariaherranz\/wp-json\/wp\/v2\/types\/post"}],"author":[{"embeddable":true,"href":"https:\/\/blog.uclm.es\/josemariaherranz\/wp-json\/wp\/v2\/users\/84"}],"replies":[{"embeddable":true,"href":"https:\/\/blog.uclm.es\/josemariaherranz\/wp-json\/wp\/v2\/comments?post=1367"}],"version-history":[{"count":0,"href":"https:\/\/blog.uclm.es\/josemariaherranz\/wp-json\/wp\/v2\/posts\/1367\/revisions"}],"wp:featuredmedia":[{"embeddable":true,"href":"https:\/\/blog.uclm.es\/josemariaherranz\/wp-json\/wp\/v2\/media\/1368"}],"wp:attachment":[{"href":"https:\/\/blog.uclm.es\/josemariaherranz\/wp-json\/wp\/v2\/media?parent=1367"}],"wp:term":[{"taxonomy":"category","embeddable":true,"href":"https:\/\/blog.uclm.es\/josemariaherranz\/wp-json\/wp\/v2\/categories?post=1367"},{"taxonomy":"post_tag","embeddable":true,"href":"https:\/\/blog.uclm.es\/josemariaherranz\/wp-json\/wp\/v2\/tags?post=1367"}],"curies":[{"name":"wp","href":"https:\/\/api.w.org\/{rel}","templated":true}]}}