{"id":1353,"date":"2022-02-13T16:43:00","date_gmt":"2022-02-13T15:43:00","guid":{"rendered":"https:\/\/blog.uclm.es\/josemariaherranz\/?p=1353"},"modified":"2022-02-13T16:43:00","modified_gmt":"2022-02-13T15:43:00","slug":"celebrando-el-dia-mundial-de-la-radio","status":"publish","type":"post","link":"https:\/\/blog.uclm.es\/josemariaherranz\/2022\/02\/13\/celebrando-el-dia-mundial-de-la-radio\/","title":{"rendered":"Celebrando el D\u00eda Mundial de la Radio"},"content":{"rendered":"\n<p>El pasado 11 de febrero celebramos con CMM el D\u00eda Mundial de la Radio. Desde Toledo y tambi\u00e9n en conexi\u00f3n directa con los alumnos de la Facultad de Comunicaci\u00f3n en Cuenca, pudimos <a href=\"https:\/\/t.co\/TunRRJWr3T\">conectar y participar en este programa especial para celebrar esta festividad<\/a>&#x1f399;.<\/p>\n","protected":false},"excerpt":{"rendered":"<p>El pasado 11 de febrero celebramos con CMM el D\u00eda Mundial de la Radio. Desde Toledo y tambi\u00e9n en conexi\u00f3n directa con los alumnos de la Facultad de Comunicaci\u00f3n en Cuenca, pudimos conectar y participar en este programa especial para celebrar esta festividad&#x1f399;.<\/p>\n","protected":false},"author":84,"featured_media":1355,"comment_status":"closed","ping_status":"open","sticky":false,"template":"","format":"standard","meta":{"footnotes":""},"categories":[2],"tags":[11,39,66],"class_list":["post-1353","post","type-post","status-publish","format-standard","has-post-thumbnail","hentry","category-noticias","tag-alumnos","tag-facultad-de-comunicacion","tag-radio"],"_links":{"self":[{"href":"https:\/\/blog.uclm.es\/josemariaherranz\/wp-json\/wp\/v2\/posts\/1353","targetHints":{"allow":["GET"]}}],"collection":[{"href":"https:\/\/blog.uclm.es\/josemariaherranz\/wp-json\/wp\/v2\/posts"}],"about":[{"href":"https:\/\/blog.uclm.es\/josemariaherranz\/wp-json\/wp\/v2\/types\/post"}],"author":[{"embeddable":true,"href":"https:\/\/blog.uclm.es\/josemariaherranz\/wp-json\/wp\/v2\/users\/84"}],"replies":[{"embeddable":true,"href":"https:\/\/blog.uclm.es\/josemariaherranz\/wp-json\/wp\/v2\/comments?post=1353"}],"version-history":[{"count":0,"href":"https:\/\/blog.uclm.es\/josemariaherranz\/wp-json\/wp\/v2\/posts\/1353\/revisions"}],"wp:featuredmedia":[{"embeddable":true,"href":"https:\/\/blog.uclm.es\/josemariaherranz\/wp-json\/wp\/v2\/media\/1355"}],"wp:attachment":[{"href":"https:\/\/blog.uclm.es\/josemariaherranz\/wp-json\/wp\/v2\/media?parent=1353"}],"wp:term":[{"taxonomy":"category","embeddable":true,"href":"https:\/\/blog.uclm.es\/josemariaherranz\/wp-json\/wp\/v2\/categories?post=1353"},{"taxonomy":"post_tag","embeddable":true,"href":"https:\/\/blog.uclm.es\/josemariaherranz\/wp-json\/wp\/v2\/tags?post=1353"}],"curies":[{"name":"wp","href":"https:\/\/api.w.org\/{rel}","templated":true}]}}