{"id":1349,"date":"2022-05-12T16:29:00","date_gmt":"2022-05-12T15:29:00","guid":{"rendered":"https:\/\/blog.uclm.es\/josemariaherranz\/?p=1349"},"modified":"2022-05-12T16:29:00","modified_gmt":"2022-05-12T15:29:00","slug":"primera-semana-de-la-libertad-de-prensa-expresion-y-comunicacion-en-fcomuclm","status":"publish","type":"post","link":"https:\/\/blog.uclm.es\/josemariaherranz\/2022\/05\/12\/primera-semana-de-la-libertad-de-prensa-expresion-y-comunicacion-en-fcomuclm\/","title":{"rendered":"Primera Semana de la Libertad de Prensa, Expresi\u00f3n y Comunicaci\u00f3n en FCOMUCLM"},"content":{"rendered":"\n<p>La Facultad de Comunicaci\u00f3n celebr\u00f3 del 3 al 9 de mayo la I Semana de la Libertad de Prensa\/Expresi\u00f3n\/Comunicaci\u00f3n. A lo largo de toda una semana, la facultad desarroll\u00f3 conferencias, <a href=\"https:\/\/twitter.com\/Juancar__Santos\/status\/1523655133858451456?s=20&amp;t=MpY6VOs41O-_w-nEq8SsCA\">emisiones en directo<\/a>, concursos, <a href=\"https:\/\/twitter.com\/jmherranz\/status\/1521955263544274948?s=20&amp;t=MpY6VOs41O-_w-nEq8SsCA\">talleres, presentaciones<\/a> y unas j<a href=\"https:\/\/twitter.com\/Enclmdiario\/status\/1521576733715144704?s=20&amp;t=MpY6VOs41O-_w-nEq8SsCA\">ornadas de orientaci\u00f3n laboral<\/a>, organizadas por profesores y alumnos. La idea ha sido mostrar parte del trabajo realizado en las distintas asignaturas a lo largo de todo el curso y afrontar el final de curso con actividades formativas y l\u00fadicas, en el marco del D\u00eda Mundial de la Libertad de Prensa que se celebra el d\u00eda 3 de mayo.<\/p>\n\n\n\n<figure class=\"wp-block-image size-large\"><img loading=\"lazy\" decoding=\"async\" width=\"720\" height=\"1024\" src=\"https:\/\/blog.uclm.es\/josemariaherranz\/files\/2022\/08\/1651516315573-720x1024.jpeg\" alt=\"\" class=\"wp-image-1350\" srcset=\"https:\/\/blog.uclm.es\/josemariaherranz\/wp-content\/uploads\/sites\/241\/2022\/08\/1651516315573-720x1024.jpeg 720w, https:\/\/blog.uclm.es\/josemariaherranz\/wp-content\/uploads\/sites\/241\/2022\/08\/1651516315573-211x300.jpeg 211w, https:\/\/blog.uclm.es\/josemariaherranz\/wp-content\/uploads\/sites\/241\/2022\/08\/1651516315573-768x1092.jpeg 768w, https:\/\/blog.uclm.es\/josemariaherranz\/wp-content\/uploads\/sites\/241\/2022\/08\/1651516315573-624x887.jpeg 624w, https:\/\/blog.uclm.es\/josemariaherranz\/wp-content\/uploads\/sites\/241\/2022\/08\/1651516315573.jpeg 800w\" sizes=\"auto, (max-width: 720px) 100vw, 720px\" \/><\/figure>\n","protected":false},"excerpt":{"rendered":"<p>La Facultad de Comunicaci\u00f3n celebr\u00f3 del 3 al 9 de mayo la I Semana de la Libertad de Prensa\/Expresi\u00f3n\/Comunicaci\u00f3n. A lo largo de toda una semana, la facultad desarroll\u00f3 conferencias, emisiones en directo, concursos, talleres, presentaciones y unas jornadas de orientaci\u00f3n laboral, organizadas por profesores y alumnos. La idea ha sido mostrar parte del trabajo [&hellip;]<\/p>\n","protected":false},"author":84,"featured_media":1351,"comment_status":"closed","ping_status":"open","sticky":false,"template":"","format":"standard","meta":{"footnotes":""},"categories":[2],"tags":[39,72,74],"class_list":["post-1349","post","type-post","status-publish","format-standard","has-post-thumbnail","hentry","category-noticias","tag-facultad-de-comunicacion","tag-semana-libertad-prensa","tag-seminariojornada"],"_links":{"self":[{"href":"https:\/\/blog.uclm.es\/josemariaherranz\/wp-json\/wp\/v2\/posts\/1349","targetHints":{"allow":["GET"]}}],"collection":[{"href":"https:\/\/blog.uclm.es\/josemariaherranz\/wp-json\/wp\/v2\/posts"}],"about":[{"href":"https:\/\/blog.uclm.es\/josemariaherranz\/wp-json\/wp\/v2\/types\/post"}],"author":[{"embeddable":true,"href":"https:\/\/blog.uclm.es\/josemariaherranz\/wp-json\/wp\/v2\/users\/84"}],"replies":[{"embeddable":true,"href":"https:\/\/blog.uclm.es\/josemariaherranz\/wp-json\/wp\/v2\/comments?post=1349"}],"version-history":[{"count":0,"href":"https:\/\/blog.uclm.es\/josemariaherranz\/wp-json\/wp\/v2\/posts\/1349\/revisions"}],"wp:featuredmedia":[{"embeddable":true,"href":"https:\/\/blog.uclm.es\/josemariaherranz\/wp-json\/wp\/v2\/media\/1351"}],"wp:attachment":[{"href":"https:\/\/blog.uclm.es\/josemariaherranz\/wp-json\/wp\/v2\/media?parent=1349"}],"wp:term":[{"taxonomy":"category","embeddable":true,"href":"https:\/\/blog.uclm.es\/josemariaherranz\/wp-json\/wp\/v2\/categories?post=1349"},{"taxonomy":"post_tag","embeddable":true,"href":"https:\/\/blog.uclm.es\/josemariaherranz\/wp-json\/wp\/v2\/tags?post=1349"}],"curies":[{"name":"wp","href":"https:\/\/api.w.org\/{rel}","templated":true}]}}