{"id":1303,"date":"2021-11-27T12:18:00","date_gmt":"2021-11-27T11:18:00","guid":{"rendered":"https:\/\/blog.uclm.es\/josemariaherranz\/?p=1303"},"modified":"2021-11-27T12:18:00","modified_gmt":"2021-11-27T11:18:00","slug":"donde-se-encuentra-el-futuro-del-periodismo-en-espana","status":"publish","type":"post","link":"https:\/\/blog.uclm.es\/josemariaherranz\/2021\/11\/27\/donde-se-encuentra-el-futuro-del-periodismo-en-espana\/","title":{"rendered":"\u00bfD\u00f3nde se encuentra el futuro del periodismo en Espa\u00f1a?"},"content":{"rendered":"\n<p>El pasado 25 de noviembre participamos en una nueva sesi\u00f3n de debate del &#8216;<a href=\"https:\/\/periodismo2030.com\/encuentro-nuevo-periodismo-en-toledo\/\" target=\"_blank\" rel=\"noreferrer noopener\">Observatorio Nuevo-Nuevo Periodismo&#8217; de #Periodismo2030<\/a>. Viajamos hasta Toledo con un grupo de alumnos de tercero y cuarto de periodismo de la Facultad de Comunicaci\u00f3n para hablar sobre el presente y el futuro del periodismo en Espa\u00f1a.<\/p>\n\n\n\n<p>En la sesi\u00f3n participaron periodistas de la Castilla-La Mancha como @javiez__ruiz <a href=\"https:\/\/twitter.com\/OndaCero_es\">@OndaCero_es<\/a> &#8211; <a href=\"https:\/\/twitter.com\/jmherranz\">@jmherranz<\/a> decano <a href=\"https:\/\/twitter.com\/FcomUCLM\">@FcomUCLM<\/a> &#8211; <a href=\"https:\/\/twitter.com\/JaviMartinez75\">@JaviMartinez75<\/a> director <a href=\"https:\/\/twitter.com\/TRGuadalajara\">@TRGuadalajara<\/a> &#8211; Cristina Bravo directora <a href=\"https:\/\/twitter.com\/RTVEclm\">@RTVEclm<\/a> &#8211; <a href=\"https:\/\/twitter.com\/CarmenAmoresG\">@CarmenAmoresG<\/a> directora general <a href=\"https:\/\/twitter.com\/CMM_es\">@CMM_es<\/a> &#8211; <a href=\"https:\/\/twitter.com\/EusebioCedena\">@EusebioCedena<\/a> director <a href=\"https:\/\/twitter.com\/eldigitalCLM\">@eldigitalCLM<\/a>, <a href=\"https:\/\/twitter.com\/FjaureguiC\">@FjaureguiC<\/a>, <a href=\"https:\/\/twitter.com\/sergiomartin\">@sergiomartin<\/a> y <a href=\"https:\/\/twitter.com\/estherestebanh\">@estherestebanh<\/a>.<\/p>\n\n\n\n<figure class=\"wp-block-image size-full is-style-rounded\"><img loading=\"lazy\" decoding=\"async\" width=\"1024\" height=\"576\" src=\"https:\/\/blog.uclm.es\/josemariaherranz\/files\/2021\/12\/nuevo-periodismo-toledo-9.jpeg\" alt=\"\" class=\"wp-image-1305\" srcset=\"https:\/\/blog.uclm.es\/josemariaherranz\/wp-content\/uploads\/sites\/241\/2021\/12\/nuevo-periodismo-toledo-9.jpeg 1024w, https:\/\/blog.uclm.es\/josemariaherranz\/wp-content\/uploads\/sites\/241\/2021\/12\/nuevo-periodismo-toledo-9-300x169.jpeg 300w, https:\/\/blog.uclm.es\/josemariaherranz\/wp-content\/uploads\/sites\/241\/2021\/12\/nuevo-periodismo-toledo-9-768x432.jpeg 768w, https:\/\/blog.uclm.es\/josemariaherranz\/wp-content\/uploads\/sites\/241\/2021\/12\/nuevo-periodismo-toledo-9-624x351.jpeg 624w\" sizes=\"auto, (max-width: 1024px) 100vw, 1024px\" \/><\/figure>\n\n\n\n<p><\/p>\n","protected":false},"excerpt":{"rendered":"<p>El pasado 25 de noviembre participamos en una nueva sesi\u00f3n de debate del &#8216;Observatorio Nuevo-Nuevo Periodismo&#8217; de #Periodismo2030. Viajamos hasta Toledo con un grupo de alumnos de tercero y cuarto de periodismo de la Facultad de Comunicaci\u00f3n para hablar sobre el presente y el futuro del periodismo en Espa\u00f1a. En la sesi\u00f3n participaron periodistas de [&hellip;]<\/p>\n","protected":false},"author":84,"featured_media":1304,"comment_status":"closed","ping_status":"open","sticky":false,"template":"","format":"standard","meta":{"footnotes":""},"categories":[2],"tags":[51,56,74],"class_list":["post-1303","post","type-post","status-publish","format-standard","has-post-thumbnail","hentry","category-noticias","tag-medios-de-comunicacion","tag-periodismo","tag-seminariojornada"],"_links":{"self":[{"href":"https:\/\/blog.uclm.es\/josemariaherranz\/wp-json\/wp\/v2\/posts\/1303","targetHints":{"allow":["GET"]}}],"collection":[{"href":"https:\/\/blog.uclm.es\/josemariaherranz\/wp-json\/wp\/v2\/posts"}],"about":[{"href":"https:\/\/blog.uclm.es\/josemariaherranz\/wp-json\/wp\/v2\/types\/post"}],"author":[{"embeddable":true,"href":"https:\/\/blog.uclm.es\/josemariaherranz\/wp-json\/wp\/v2\/users\/84"}],"replies":[{"embeddable":true,"href":"https:\/\/blog.uclm.es\/josemariaherranz\/wp-json\/wp\/v2\/comments?post=1303"}],"version-history":[{"count":0,"href":"https:\/\/blog.uclm.es\/josemariaherranz\/wp-json\/wp\/v2\/posts\/1303\/revisions"}],"wp:featuredmedia":[{"embeddable":true,"href":"https:\/\/blog.uclm.es\/josemariaherranz\/wp-json\/wp\/v2\/media\/1304"}],"wp:attachment":[{"href":"https:\/\/blog.uclm.es\/josemariaherranz\/wp-json\/wp\/v2\/media?parent=1303"}],"wp:term":[{"taxonomy":"category","embeddable":true,"href":"https:\/\/blog.uclm.es\/josemariaherranz\/wp-json\/wp\/v2\/categories?post=1303"},{"taxonomy":"post_tag","embeddable":true,"href":"https:\/\/blog.uclm.es\/josemariaherranz\/wp-json\/wp\/v2\/tags?post=1303"}],"curies":[{"name":"wp","href":"https:\/\/api.w.org\/{rel}","templated":true}]}}