{"id":1300,"date":"2021-12-29T12:16:16","date_gmt":"2021-12-29T11:16:16","guid":{"rendered":"https:\/\/blog.uclm.es\/josemariaherranz\/?p=1300"},"modified":"2021-12-29T12:16:16","modified_gmt":"2021-12-29T11:16:16","slug":"llamada-para-dos-monograficos-de-revistas-nuevas-narrativas-y-la-comunicacion-en-las-ciudades","status":"publish","type":"post","link":"https:\/\/blog.uclm.es\/josemariaherranz\/2021\/12\/29\/llamada-para-dos-monograficos-de-revistas-nuevas-narrativas-y-la-comunicacion-en-las-ciudades\/","title":{"rendered":"Llamada para dos monogr\u00e1ficos de revistas: Nuevas narrativas y la comunicaci\u00f3n en las ciudades"},"content":{"rendered":"\n<p>Concluimos el a\u00f1o haciendo una llamada para dos monogr\u00e1ficos de revistas sobre la comunicaci\u00f3n en las ciudades y sobre nuevas narrativas. <\/p>\n\n\n\n<p>El primero es en la revista Miguel Hern\u00e1ndez Communication Journal <a href=\"https:\/\/revistas.innovacionumh.es\/index.php\/mhcj\/announcement\/view\/60\">\u00abComunicaci\u00f3n y periodismo en las ciudades: nuevos espacios para la innovaci\u00f3n, la diplomacia y la sostenibilidad en la configuraci\u00f3n urbana\u00bb<\/a>. Se proponen algunas l\u00edneas generales para abordar este tema:<\/p>\n\n\n\n<ul class=\"wp-block-list\"><li>Innovaci\u00f3n vinculada al \u00e1mbito de la comunicaci\u00f3n en los nuevos contextos urbanos.<\/li><li>Implicaci\u00f3n de los nuevos avances tecnol\u00f3gicos en el desarrollo de nuevas narrativas period\u00edsticas.<\/li><li>Implicaci\u00f3n y participaci\u00f3n de los diferentes agentes creativos en la transformaci\u00f3n de las ciudades: papel que desempe\u00f1an las minor\u00edas en el contexto urbano.<\/li><li>El periodismo frente a estas transformaciones: capacidades, cambios y evoluci\u00f3n en el modelo informativo local.<\/li><li>Medios y periodistas ante la transformaci\u00f3n de las ciudades: interpretaciones y di\u00e1logos<\/li><li>Rol del periodismo local en el marco de las transformaciones urbanas.<\/li><li>Narrativas generadas desde los medios con \u00e9nfasis en los escenarios urbanos.<\/li><li>El periodismo frente a las \u201cciudades virtuales\u201d y un nuevo entramado urbano-cultural en el contexto del metaverso.<\/li><li>Los ODS en la agenda de los medios y periodistas locales.<\/li><li>Diplomacia p\u00fablica, medios y periodistas en el contexto de las nuevas urbes como centros de poder.\u00a0<\/li><\/ul>\n\n\n\n<p>La fecha l\u00edmite para el env\u00edo del abstract es febrero de 2022. El monogr\u00e1fico est\u00e1 coordinado por <a rel=\"noreferrer noopener\" href=\"https:\/\/twitter.com\/Psbaut\" target=\"_blank\">@psbaut<\/a>, <a href=\"https:\/\/twitter.com\/LauraCortes\">@LauraCortes<\/a> y <a rel=\"noreferrer noopener\" href=\"https:\/\/twitter.com\/jmherranz\" target=\"_blank\">@jmherranz<\/a><\/p>\n\n\n\n<hr class=\"wp-block-separator\" \/>\n\n\n\n<p>El segundo monogr\u00e1fico es en la revista peruana Contratexto sobre <a rel=\"noreferrer noopener\" href=\"https:\/\/revistas.ulima.edu.pe\/index.php\/contratexto\/announcement\/view\/14\" target=\"_blank\">\u00abEvoluci\u00f3n de las narrativas digitales para la #comunicaci\u00f3n<\/a>\u00ab. <\/p>\n\n\n\n<p>Se recibir\u00e1n art\u00edculos originales o ensayos que aborden de modo preferente alguno(s)&nbsp; de los siguientes ejes tem\u00e1ticos:&nbsp;<\/p>\n\n\n\n<ul class=\"wp-block-list\"><li>La comunicaci\u00f3n de medios, periodistas, marcas y empresas en nuevos espacios digitales de socializaci\u00f3n.<\/li><li>Innovaci\u00f3n en narrativa digital para el periodismo, la publicidad, el marketing y la comunicaci\u00f3n corporativa.<\/li><li>Nuevos emisores y nuevas narrativas: el rol de los \u2018influencers\u2019, \u2018micro-influencers\u2019, \u2018streamers\u2019, \u2018youtubers\u2019 y \u2018tiktokers\u2019.<\/li><li>Modelos de comunicaci\u00f3n para audiencias digitales j\u00f3venes como\u00a0<em>Millennials<\/em>, \u2018Generaci\u00f3n Z\u2019 y \u2018Generaci\u00f3n Alpha\u2019 o \u2018<em>Post-centennials<\/em>\u2019.<\/li><li>An\u00e1lisis del trabajo de segmentaci\u00f3n de contenidos y p\u00fablicos en plataformas digitales emergentes.<\/li><li>Los videojuegos como nuevos espacios de comunicaci\u00f3n interactiva.<\/li><li>An\u00e1lisis de la comunicaci\u00f3n ef\u00edmera en redes sociales: formatos, narrativas exitosas y audiencias.<\/li><li>La sostenibilidad en el marco de transformaci\u00f3n de la comunicaci\u00f3n digital: nuevos actores y\u00a0 nuevos formatos.<\/li><li>Desaf\u00edos legales de los productos transmedia. Regulaciones jur\u00eddicas sobre propiedad intelectual y derechos de autor.<\/li><\/ul>\n\n\n\n<p>La fecha l\u00edmite de env\u00edos es el 15 de noviembre de 2022. El monogr\u00e1fico est\u00e1 coordinado por <a href=\"https:\/\/twitter.com\/psbaut\">@psbaut<\/a>, <a href=\"https:\/\/twitter.com\/mcalderin\">@mcalderin<\/a> y <a rel=\"noreferrer noopener\" href=\"https:\/\/twitter.com\/jmherranz\" target=\"_blank\">@jmherranz<\/a><\/p>\n\n\n\n<p><\/p>\n","protected":false},"excerpt":{"rendered":"<p>Concluimos el a\u00f1o haciendo una llamada para dos monogr\u00e1ficos de revistas sobre la comunicaci\u00f3n en las ciudades y sobre nuevas narrativas. El primero es en la revista Miguel Hern\u00e1ndez Communication Journal \u00abComunicaci\u00f3n y periodismo en las ciudades: nuevos espacios para la innovaci\u00f3n, la diplomacia y la sostenibilidad en la configuraci\u00f3n urbana\u00bb. Se proponen algunas l\u00edneas [&hellip;]<\/p>\n","protected":false},"author":84,"featured_media":1301,"comment_status":"closed","ping_status":"open","sticky":false,"template":"","format":"standard","meta":{"footnotes":""},"categories":[2],"tags":[18,54,56,65,67,85],"class_list":["post-1300","post","type-post","status-publish","format-standard","has-post-thumbnail","hentry","category-noticias","tag-comunicacion-corporativa","tag-ods","tag-periodismo","tag-publicacion","tag-realidad-virtual","tag-vr"],"_links":{"self":[{"href":"https:\/\/blog.uclm.es\/josemariaherranz\/wp-json\/wp\/v2\/posts\/1300","targetHints":{"allow":["GET"]}}],"collection":[{"href":"https:\/\/blog.uclm.es\/josemariaherranz\/wp-json\/wp\/v2\/posts"}],"about":[{"href":"https:\/\/blog.uclm.es\/josemariaherranz\/wp-json\/wp\/v2\/types\/post"}],"author":[{"embeddable":true,"href":"https:\/\/blog.uclm.es\/josemariaherranz\/wp-json\/wp\/v2\/users\/84"}],"replies":[{"embeddable":true,"href":"https:\/\/blog.uclm.es\/josemariaherranz\/wp-json\/wp\/v2\/comments?post=1300"}],"version-history":[{"count":0,"href":"https:\/\/blog.uclm.es\/josemariaherranz\/wp-json\/wp\/v2\/posts\/1300\/revisions"}],"wp:featuredmedia":[{"embeddable":true,"href":"https:\/\/blog.uclm.es\/josemariaherranz\/wp-json\/wp\/v2\/media\/1301"}],"wp:attachment":[{"href":"https:\/\/blog.uclm.es\/josemariaherranz\/wp-json\/wp\/v2\/media?parent=1300"}],"wp:term":[{"taxonomy":"category","embeddable":true,"href":"https:\/\/blog.uclm.es\/josemariaherranz\/wp-json\/wp\/v2\/categories?post=1300"},{"taxonomy":"post_tag","embeddable":true,"href":"https:\/\/blog.uclm.es\/josemariaherranz\/wp-json\/wp\/v2\/tags?post=1300"}],"curies":[{"name":"wp","href":"https:\/\/api.w.org\/{rel}","templated":true}]}}