{"id":1264,"date":"2021-04-29T16:42:00","date_gmt":"2021-04-29T15:42:00","guid":{"rendered":"https:\/\/blog.uclm.es\/josemariaherranz\/?p=1264"},"modified":"2021-04-29T16:42:00","modified_gmt":"2021-04-29T15:42:00","slug":"participacion-en-fiberlibro-con-el-libro-sobre-ods","status":"publish","type":"post","link":"https:\/\/blog.uclm.es\/josemariaherranz\/2021\/04\/29\/participacion-en-fiberlibro-con-el-libro-sobre-ods\/","title":{"rendered":"Participaci\u00f3n en Fiberlibro con el libro sobre ODS"},"content":{"rendered":"\n<p>Hoy hemos participado en <a href=\"http:\/\/www.fiberlibro.com\" data-type=\"URL\" data-id=\"www.fiberlibro.com\">I Feria Iberoamericana del Libro y la Lectura. La Lectura en los tiempos del Covid<\/a>, que ha tenido lugar entre el 16 y el 30 de Abril de 2021, promovida por la Fundaci\u00f3n Ciudadan\u00eda de Extremadura, la Fundaci\u00f3n Impulsa de Castilla la Mancha y el Observatorio del Futuro. Es una Feria en formato virtual, que se articula en torno a: presentaciones libros y de novedades editoriales, talleres de animaci\u00f3n a la lectura, narraci\u00f3n oral y cuentacuentos, homenajes y aniversarios, tertulias literarias, Foros formativos y ciclos tem\u00e1ticos. Se han programadas m\u00e1s de 70 actividades en las que participar\u00e1n m\u00e1s de 150 agentes culturales de 12 pa\u00edses Iberoamericanos.<\/p>\n\n\n\n<p>En la feria hemos tenido la oportunidad de presentar el libro <a href=\"https:\/\/blog.uclm.es\/josemariaherranz\/2020\/12\/29\/comunicacion-derechos-humanos-y-objetivos-de-desarrollo-sostenible\/\" data-type=\"post\" data-id=\"1216\">\u00abLos Objetivos de Desarrollo Sostenible desde una perspectiva de derechos humanos, el trabajo social y la comunicaci\u00f3n\u00bb<\/a>. <\/p>\n\n\n\n<figure class=\"wp-block-image size-large\"><img loading=\"lazy\" decoding=\"async\" width=\"750\" height=\"936\" src=\"https:\/\/blog.uclm.es\/josemariaherranz\/wp-content\/uploads\/sites\/241\/2021\/04\/portadalibro.jpg\" alt=\"\" class=\"wp-image-1218\" srcset=\"https:\/\/blog.uclm.es\/josemariaherranz\/wp-content\/uploads\/sites\/241\/2021\/04\/portadalibro.jpg 750w, https:\/\/blog.uclm.es\/josemariaherranz\/wp-content\/uploads\/sites\/241\/2021\/04\/portadalibro-240x300.jpg 240w, https:\/\/blog.uclm.es\/josemariaherranz\/wp-content\/uploads\/sites\/241\/2021\/04\/portadalibro-624x779.jpg 624w\" sizes=\"auto, (max-width: 750px) 100vw, 750px\" \/><\/figure>\n","protected":false},"excerpt":{"rendered":"<p>Hoy hemos participado en I Feria Iberoamericana del Libro y la Lectura. La Lectura en los tiempos del Covid, que ha tenido lugar entre el 16 y el 30 de Abril de 2021, promovida por la Fundaci\u00f3n Ciudadan\u00eda de Extremadura, la Fundaci\u00f3n Impulsa de Castilla la Mancha y el Observatorio del Futuro. Es una Feria [&hellip;]<\/p>\n","protected":false},"author":84,"featured_media":1265,"comment_status":"closed","ping_status":"open","sticky":false,"template":"","format":"standard","meta":{"footnotes":""},"categories":[2],"tags":[20,54,65],"class_list":["post-1264","post","type-post","status-publish","format-standard","has-post-thumbnail","hentry","category-noticias","tag-conferencia","tag-ods","tag-publicacion"],"_links":{"self":[{"href":"https:\/\/blog.uclm.es\/josemariaherranz\/wp-json\/wp\/v2\/posts\/1264","targetHints":{"allow":["GET"]}}],"collection":[{"href":"https:\/\/blog.uclm.es\/josemariaherranz\/wp-json\/wp\/v2\/posts"}],"about":[{"href":"https:\/\/blog.uclm.es\/josemariaherranz\/wp-json\/wp\/v2\/types\/post"}],"author":[{"embeddable":true,"href":"https:\/\/blog.uclm.es\/josemariaherranz\/wp-json\/wp\/v2\/users\/84"}],"replies":[{"embeddable":true,"href":"https:\/\/blog.uclm.es\/josemariaherranz\/wp-json\/wp\/v2\/comments?post=1264"}],"version-history":[{"count":0,"href":"https:\/\/blog.uclm.es\/josemariaherranz\/wp-json\/wp\/v2\/posts\/1264\/revisions"}],"wp:featuredmedia":[{"embeddable":true,"href":"https:\/\/blog.uclm.es\/josemariaherranz\/wp-json\/wp\/v2\/media\/1265"}],"wp:attachment":[{"href":"https:\/\/blog.uclm.es\/josemariaherranz\/wp-json\/wp\/v2\/media?parent=1264"}],"wp:term":[{"taxonomy":"category","embeddable":true,"href":"https:\/\/blog.uclm.es\/josemariaherranz\/wp-json\/wp\/v2\/categories?post=1264"},{"taxonomy":"post_tag","embeddable":true,"href":"https:\/\/blog.uclm.es\/josemariaherranz\/wp-json\/wp\/v2\/tags?post=1264"}],"curies":[{"name":"wp","href":"https:\/\/api.w.org\/{rel}","templated":true}]}}