{"id":1255,"date":"2021-04-20T20:29:00","date_gmt":"2021-04-20T19:29:00","guid":{"rendered":"https:\/\/blog.uclm.es\/josemariaherranz\/?p=1255"},"modified":"2021-04-20T20:29:00","modified_gmt":"2021-04-20T19:29:00","slug":"seminario-agenda-2030-ods-y-consumo-responsable","status":"publish","type":"post","link":"https:\/\/blog.uclm.es\/josemariaherranz\/2021\/04\/20\/seminario-agenda-2030-ods-y-consumo-responsable\/","title":{"rendered":"Seminario Agenda 2030, ODS y consumo responsable"},"content":{"rendered":"\n<p>Hoy ha tenido lugar el seminario online <a href=\"http:\/\/fundaciongeneraluclm.es\/conoce-la-agenda-2030\/#1612256187513-3e664c49-caa4\" data-type=\"URL\" data-id=\"http:\/\/fundaciongeneraluclm.es\/conoce-la-agenda-2030\/#1612256187513-3e664c49-caa4\">\u00abBuscando un mundo sostenible: c\u00f3mo comunicar un consumo responsable y consciente\u00bb<\/a>, organizado por la Facultad de Comunicaci\u00f3n y la Fundaci\u00f3n de la UCLM. En \u00e9l han participado cuatro ponentes divididos en dos mesas redondas. En la primera, Rub\u00e9n S\u00e1nchez, portavoz de Facua, y Jorge Soto, vicerrector del Campus de Pontevedra \u00abGreen Campus\u00bb, han presentado las propuestas y papel de las organizaciones de consumidores y la universidad para un consumo responsable. <\/p>\n\n\n\n<p>A continuaci\u00f3n, la periodista Brenda Ch\u00e1vez, y el divulgador y consultor de consumo consciente, Toni Lodeiro, han hablado sobre las posibilidades de los consumidores para llegar a un consumo consciente. <\/p>\n\n\n\n<figure class=\"wp-block-image size-large\"><img loading=\"lazy\" decoding=\"async\" width=\"750\" height=\"530\" src=\"https:\/\/blog.uclm.es\/josemariaherranz\/files\/2021\/05\/consumo-responsable.jpg\" alt=\"\" class=\"wp-image-1257\" srcset=\"https:\/\/blog.uclm.es\/josemariaherranz\/wp-content\/uploads\/sites\/241\/2021\/05\/consumo-responsable.jpg 750w, https:\/\/blog.uclm.es\/josemariaherranz\/wp-content\/uploads\/sites\/241\/2021\/05\/consumo-responsable-300x212.jpg 300w, https:\/\/blog.uclm.es\/josemariaherranz\/wp-content\/uploads\/sites\/241\/2021\/05\/consumo-responsable-624x441.jpg 624w\" sizes=\"auto, (max-width: 750px) 100vw, 750px\" \/><\/figure>\n","protected":false},"excerpt":{"rendered":"<p>Hoy ha tenido lugar el seminario online \u00abBuscando un mundo sostenible: c\u00f3mo comunicar un consumo responsable y consciente\u00bb, organizado por la Facultad de Comunicaci\u00f3n y la Fundaci\u00f3n de la UCLM. En \u00e9l han participado cuatro ponentes divididos en dos mesas redondas. En la primera, Rub\u00e9n S\u00e1nchez, portavoz de Facua, y Jorge Soto, vicerrector del Campus [&hellip;]<\/p>\n","protected":false},"author":84,"featured_media":1256,"comment_status":"closed","ping_status":"open","sticky":false,"template":"","format":"standard","meta":{"footnotes":""},"categories":[2],"tags":[18,39,54,74],"class_list":["post-1255","post","type-post","status-publish","format-standard","has-post-thumbnail","hentry","category-noticias","tag-comunicacion-corporativa","tag-facultad-de-comunicacion","tag-ods","tag-seminariojornada"],"_links":{"self":[{"href":"https:\/\/blog.uclm.es\/josemariaherranz\/wp-json\/wp\/v2\/posts\/1255","targetHints":{"allow":["GET"]}}],"collection":[{"href":"https:\/\/blog.uclm.es\/josemariaherranz\/wp-json\/wp\/v2\/posts"}],"about":[{"href":"https:\/\/blog.uclm.es\/josemariaherranz\/wp-json\/wp\/v2\/types\/post"}],"author":[{"embeddable":true,"href":"https:\/\/blog.uclm.es\/josemariaherranz\/wp-json\/wp\/v2\/users\/84"}],"replies":[{"embeddable":true,"href":"https:\/\/blog.uclm.es\/josemariaherranz\/wp-json\/wp\/v2\/comments?post=1255"}],"version-history":[{"count":0,"href":"https:\/\/blog.uclm.es\/josemariaherranz\/wp-json\/wp\/v2\/posts\/1255\/revisions"}],"wp:featuredmedia":[{"embeddable":true,"href":"https:\/\/blog.uclm.es\/josemariaherranz\/wp-json\/wp\/v2\/media\/1256"}],"wp:attachment":[{"href":"https:\/\/blog.uclm.es\/josemariaherranz\/wp-json\/wp\/v2\/media?parent=1255"}],"wp:term":[{"taxonomy":"category","embeddable":true,"href":"https:\/\/blog.uclm.es\/josemariaherranz\/wp-json\/wp\/v2\/categories?post=1255"},{"taxonomy":"post_tag","embeddable":true,"href":"https:\/\/blog.uclm.es\/josemariaherranz\/wp-json\/wp\/v2\/tags?post=1255"}],"curies":[{"name":"wp","href":"https:\/\/api.w.org\/{rel}","templated":true}]}}