{"id":1193,"date":"2021-02-10T11:07:00","date_gmt":"2021-02-10T10:07:00","guid":{"rendered":"http:\/\/blog.uclm.es\/josemariaherranz\/?p=1193"},"modified":"2021-02-10T11:07:00","modified_gmt":"2021-02-10T10:07:00","slug":"oportunidades-de-emprendimiento-en-comunicacion","status":"publish","type":"post","link":"https:\/\/blog.uclm.es\/josemariaherranz\/2021\/02\/10\/oportunidades-de-emprendimiento-en-comunicacion\/","title":{"rendered":"Oportunidades de emprendimiento en comunicaci\u00f3n"},"content":{"rendered":"\n<p>Ayer la egresada Julia Laborda explic\u00f3 a los alumnos de comunicaci\u00f3n corporativa e institucional su experiencia como periodista, responsable de comunicaci\u00f3n y emprendedora dentro de las sesiones de #Di\u00e1logosdePeriodismo. Julia explic\u00f3 su experiencia en la Agencia EFE y despu\u00e9s tambi\u00e9n en UPA Arag\u00f3n, donde desarroll\u00f3 su labor en el gabinete de comunicaci\u00f3n. Adem\u00e1s anim\u00f3 a los alumnos a salir al extranjero y a ampliar su conocimientos de idiomas para sumar posibilidades de formaci\u00f3n. <\/p>\n\n\n\n<figure class=\"wp-block-image size-large\"><img loading=\"lazy\" decoding=\"async\" width=\"750\" height=\"563\" src=\"https:\/\/blog.uclm.es\/josemariaherranz\/wp-content\/uploads\/sites\/241\/2021\/02\/julialaborda2.jpeg\" alt=\"\" class=\"wp-image-1194\" srcset=\"https:\/\/blog.uclm.es\/josemariaherranz\/wp-content\/uploads\/sites\/241\/2021\/02\/julialaborda2.jpeg 750w, https:\/\/blog.uclm.es\/josemariaherranz\/wp-content\/uploads\/sites\/241\/2021\/02\/julialaborda2-300x225.jpeg 300w, https:\/\/blog.uclm.es\/josemariaherranz\/wp-content\/uploads\/sites\/241\/2021\/02\/julialaborda2-624x468.jpeg 624w\" sizes=\"auto, (max-width: 750px) 100vw, 750px\" \/><\/figure>\n\n\n\n<p>En estos momentos Julia se encuentra desarrollando un proyecto llamado <a rel=\"noreferrer noopener\" href=\"https:\/\/labstudio.es\" target=\"_blank\">labstudio<\/a> dedicado al dise\u00f1o, contenidos web e imagen de marca para empresas. Desde el pasado mes de septiembre, este proyecto de emprendimiento est\u00e1 en marcha y seg\u00fan coment\u00f3 Julia est\u00e1 muy satisfecha con la experiencia y con los compa\u00f1eros con los que colabora, algunos de ellos italianos. <\/p>\n","protected":false},"excerpt":{"rendered":"<p>Ayer la egresada Julia Laborda explic\u00f3 a los alumnos de comunicaci\u00f3n corporativa e institucional su experiencia como periodista, responsable de comunicaci\u00f3n y emprendedora dentro de las sesiones de #Di\u00e1logosdePeriodismo. Julia explic\u00f3 su experiencia en la Agencia EFE y despu\u00e9s tambi\u00e9n en UPA Arag\u00f3n, donde desarroll\u00f3 su labor en el gabinete de comunicaci\u00f3n. Adem\u00e1s anim\u00f3 a [&hellip;]<\/p>\n","protected":false},"author":84,"featured_media":1195,"comment_status":"closed","ping_status":"open","sticky":false,"template":"","format":"standard","meta":{"footnotes":""},"categories":[2],"tags":[5,6,18,20,35],"class_list":["post-1193","post","type-post","status-publish","format-standard","has-post-thumbnail","hentry","category-noticias","tag-10anosfcomuclm","tag-dialogosdeperiodismo","tag-comunicacion-corporativa","tag-conferencia","tag-egresados"],"_links":{"self":[{"href":"https:\/\/blog.uclm.es\/josemariaherranz\/wp-json\/wp\/v2\/posts\/1193","targetHints":{"allow":["GET"]}}],"collection":[{"href":"https:\/\/blog.uclm.es\/josemariaherranz\/wp-json\/wp\/v2\/posts"}],"about":[{"href":"https:\/\/blog.uclm.es\/josemariaherranz\/wp-json\/wp\/v2\/types\/post"}],"author":[{"embeddable":true,"href":"https:\/\/blog.uclm.es\/josemariaherranz\/wp-json\/wp\/v2\/users\/84"}],"replies":[{"embeddable":true,"href":"https:\/\/blog.uclm.es\/josemariaherranz\/wp-json\/wp\/v2\/comments?post=1193"}],"version-history":[{"count":0,"href":"https:\/\/blog.uclm.es\/josemariaherranz\/wp-json\/wp\/v2\/posts\/1193\/revisions"}],"wp:featuredmedia":[{"embeddable":true,"href":"https:\/\/blog.uclm.es\/josemariaherranz\/wp-json\/wp\/v2\/media\/1195"}],"wp:attachment":[{"href":"https:\/\/blog.uclm.es\/josemariaherranz\/wp-json\/wp\/v2\/media?parent=1193"}],"wp:term":[{"taxonomy":"category","embeddable":true,"href":"https:\/\/blog.uclm.es\/josemariaherranz\/wp-json\/wp\/v2\/categories?post=1193"},{"taxonomy":"post_tag","embeddable":true,"href":"https:\/\/blog.uclm.es\/josemariaherranz\/wp-json\/wp\/v2\/tags?post=1193"}],"curies":[{"name":"wp","href":"https:\/\/api.w.org\/{rel}","templated":true}]}}