{"id":1161,"date":"2020-10-08T17:39:00","date_gmt":"2020-10-08T16:39:00","guid":{"rendered":"http:\/\/blog.uclm.es\/josemariaherranz\/?p=1161"},"modified":"2020-10-08T17:39:00","modified_gmt":"2020-10-08T16:39:00","slug":"estrategias-de-comunicacion-corporativa-para-la-empresa","status":"publish","type":"post","link":"https:\/\/blog.uclm.es\/josemariaherranz\/2020\/10\/08\/estrategias-de-comunicacion-corporativa-para-la-empresa\/","title":{"rendered":"Estrategias de comunicaci\u00f3n corporativa para la empresa"},"content":{"rendered":"\n<p>Hoy he tenido la oportunidad de participar en el MUEME, M\u00e1ster Estrategia y Marketing de la Empresa en la Facultad de Ciencias Sociales de Cuenca. Los alumnos han tenido la ocasi\u00f3n de poder conocer los principales fundamentos de la Estrategia de Comunicaci\u00f3n Corporativa de las empresas. Desde los conceptos b\u00e1sicos de imagen e identidad hasta la elaboraci\u00f3n de un plan de comunicaci\u00f3n, las empresas son cada vez m\u00e1s conscientes de la necesidad de mejorar la comunicaci\u00f3n para reforzar la marca y reputaci\u00f3n. <\/p>\n\n\n\n<figure class=\"wp-block-image size-large\"><img loading=\"lazy\" decoding=\"async\" width=\"750\" height=\"563\" src=\"https:\/\/blog.uclm.es\/josemariaherranz\/files\/2020\/12\/jmherranz1.jpeg\" alt=\"\" class=\"wp-image-1163\" srcset=\"https:\/\/blog.uclm.es\/josemariaherranz\/wp-content\/uploads\/sites\/241\/2020\/12\/jmherranz1.jpeg 750w, https:\/\/blog.uclm.es\/josemariaherranz\/wp-content\/uploads\/sites\/241\/2020\/12\/jmherranz1-300x225.jpeg 300w, https:\/\/blog.uclm.es\/josemariaherranz\/wp-content\/uploads\/sites\/241\/2020\/12\/jmherranz1-624x468.jpeg 624w\" sizes=\"auto, (max-width: 750px) 100vw, 750px\" \/><\/figure>\n","protected":false},"excerpt":{"rendered":"<p>Hoy he tenido la oportunidad de participar en el MUEME, M\u00e1ster Estrategia y Marketing de la Empresa en la Facultad de Ciencias Sociales de Cuenca. Los alumnos han tenido la ocasi\u00f3n de poder conocer los principales fundamentos de la Estrategia de Comunicaci\u00f3n Corporativa de las empresas. Desde los conceptos b\u00e1sicos de imagen e identidad hasta [&hellip;]<\/p>\n","protected":false},"author":84,"featured_media":1162,"comment_status":"closed","ping_status":"open","sticky":false,"template":"","format":"standard","meta":{"footnotes":""},"categories":[2],"tags":[7,18,31],"class_list":["post-1161","post","type-post","status-publish","format-standard","has-post-thumbnail","hentry","category-noticias","tag-dircomuclm","tag-comunicacion-corporativa","tag-docencia"],"_links":{"self":[{"href":"https:\/\/blog.uclm.es\/josemariaherranz\/wp-json\/wp\/v2\/posts\/1161","targetHints":{"allow":["GET"]}}],"collection":[{"href":"https:\/\/blog.uclm.es\/josemariaherranz\/wp-json\/wp\/v2\/posts"}],"about":[{"href":"https:\/\/blog.uclm.es\/josemariaherranz\/wp-json\/wp\/v2\/types\/post"}],"author":[{"embeddable":true,"href":"https:\/\/blog.uclm.es\/josemariaherranz\/wp-json\/wp\/v2\/users\/84"}],"replies":[{"embeddable":true,"href":"https:\/\/blog.uclm.es\/josemariaherranz\/wp-json\/wp\/v2\/comments?post=1161"}],"version-history":[{"count":0,"href":"https:\/\/blog.uclm.es\/josemariaherranz\/wp-json\/wp\/v2\/posts\/1161\/revisions"}],"wp:featuredmedia":[{"embeddable":true,"href":"https:\/\/blog.uclm.es\/josemariaherranz\/wp-json\/wp\/v2\/media\/1162"}],"wp:attachment":[{"href":"https:\/\/blog.uclm.es\/josemariaherranz\/wp-json\/wp\/v2\/media?parent=1161"}],"wp:term":[{"taxonomy":"category","embeddable":true,"href":"https:\/\/blog.uclm.es\/josemariaherranz\/wp-json\/wp\/v2\/categories?post=1161"},{"taxonomy":"post_tag","embeddable":true,"href":"https:\/\/blog.uclm.es\/josemariaherranz\/wp-json\/wp\/v2\/tags?post=1161"}],"curies":[{"name":"wp","href":"https:\/\/api.w.org\/{rel}","templated":true}]}}