{"id":1149,"date":"2020-11-23T16:57:00","date_gmt":"2020-11-23T15:57:00","guid":{"rendered":"http:\/\/blog.uclm.es\/josemariaherranz\/?p=1149"},"modified":"2020-11-23T16:57:00","modified_gmt":"2020-11-23T15:57:00","slug":"los-populismos-en-la-era-de-los-medios-digitales","status":"publish","type":"post","link":"https:\/\/blog.uclm.es\/josemariaherranz\/2020\/11\/23\/los-populismos-en-la-era-de-los-medios-digitales\/","title":{"rendered":"Los populismos en la era de los medios digitales"},"content":{"rendered":"\n<p>Hoy el egresado y doctorando, Pablo G\u00f3mez Iniesta, ha presentado a los alumnos de Periodismo pol\u00edtico y judicial la incidencia de la relaci\u00f3n entre los medios de comunicaci\u00f3n y los populismos. El alumno ha definido los conceptos de populismo y demagogia y ha explicado la evoluci\u00f3n del papel de los pol\u00edticos frente a los medios de comunicaci\u00f3n. Como ha se\u00f1alado Pablo G\u00f3mez, los pol\u00edticos han saltado del \u00e1mbito m\u00e1s informativo a su participaci\u00f3n en distintos programas de entretenimiento, lo que les permite generar otra cercan\u00eda con los ciudadanos. <\/p>\n","protected":false},"excerpt":{"rendered":"<p>Hoy el egresado y doctorando, Pablo G\u00f3mez Iniesta, ha presentado a los alumnos de Periodismo pol\u00edtico y judicial la incidencia de la relaci\u00f3n entre los medios de comunicaci\u00f3n y los populismos. El alumno ha definido los conceptos de populismo y demagogia y ha explicado la evoluci\u00f3n del papel de los pol\u00edticos frente a los medios [&hellip;]<\/p>\n","protected":false},"author":84,"featured_media":1150,"comment_status":"closed","ping_status":"open","sticky":false,"template":"","format":"standard","meta":{"footnotes":""},"categories":[2],"tags":[5,6,35,61,74],"class_list":["post-1149","post","type-post","status-publish","format-standard","has-post-thumbnail","hentry","category-noticias","tag-10anosfcomuclm","tag-dialogosdeperiodismo","tag-egresados","tag-periodismo-politico","tag-seminariojornada"],"_links":{"self":[{"href":"https:\/\/blog.uclm.es\/josemariaherranz\/wp-json\/wp\/v2\/posts\/1149","targetHints":{"allow":["GET"]}}],"collection":[{"href":"https:\/\/blog.uclm.es\/josemariaherranz\/wp-json\/wp\/v2\/posts"}],"about":[{"href":"https:\/\/blog.uclm.es\/josemariaherranz\/wp-json\/wp\/v2\/types\/post"}],"author":[{"embeddable":true,"href":"https:\/\/blog.uclm.es\/josemariaherranz\/wp-json\/wp\/v2\/users\/84"}],"replies":[{"embeddable":true,"href":"https:\/\/blog.uclm.es\/josemariaherranz\/wp-json\/wp\/v2\/comments?post=1149"}],"version-history":[{"count":0,"href":"https:\/\/blog.uclm.es\/josemariaherranz\/wp-json\/wp\/v2\/posts\/1149\/revisions"}],"wp:featuredmedia":[{"embeddable":true,"href":"https:\/\/blog.uclm.es\/josemariaherranz\/wp-json\/wp\/v2\/media\/1150"}],"wp:attachment":[{"href":"https:\/\/blog.uclm.es\/josemariaherranz\/wp-json\/wp\/v2\/media?parent=1149"}],"wp:term":[{"taxonomy":"category","embeddable":true,"href":"https:\/\/blog.uclm.es\/josemariaherranz\/wp-json\/wp\/v2\/categories?post=1149"},{"taxonomy":"post_tag","embeddable":true,"href":"https:\/\/blog.uclm.es\/josemariaherranz\/wp-json\/wp\/v2\/tags?post=1149"}],"curies":[{"name":"wp","href":"https:\/\/api.w.org\/{rel}","templated":true}]}}