{"id":1002,"date":"2020-02-28T16:35:00","date_gmt":"2020-02-28T15:35:00","guid":{"rendered":"http:\/\/blog.uclm.es\/josemariaherranz\/?p=1002"},"modified":"2020-02-28T16:35:00","modified_gmt":"2020-02-28T15:35:00","slug":"la-facultad-de-comunicacion-participa-en-la-semana-universitaria-de-la-economia-social","status":"publish","type":"post","link":"https:\/\/blog.uclm.es\/josemariaherranz\/2020\/02\/28\/la-facultad-de-comunicacion-participa-en-la-semana-universitaria-de-la-economia-social\/","title":{"rendered":"La facultad de Comunicaci\u00f3n participa en la Semana Universitaria de la Econom\u00eda Social"},"content":{"rendered":"\n<p>La primera actividad fue el pasado martes 25 de febrero en la Facultad de Comunicaci\u00f3n. En la primera conferencia, Jos\u00e9 Mar\u00eda Herranz y Luis Mauricio Calvo empezaron presentando los aspectos generales para diferenciar las empresas de econom\u00eda social de mercado (cooperativas, sociedades laborales, centros especiales de empleo, empresas de inserci\u00f3n y mutualidades) y de no mercado (organizaciones sociales y del Tercer Sector). Y a continuaci\u00f3n profundizaron en la imagen y percepci\u00f3n que proyectan entre los distintos p\u00fablicos, y las estrategias de comunicaci\u00f3n que desarrollan para visibilizarse. A continuaci\u00f3n, Jos\u00e9 Mar\u00eda Mart\u00ednez, presidente de la Asociaci\u00f3n Roosevelt, present\u00f3 la misi\u00f3n de las organizaci\u00f3n que preside y que est\u00e1 centrada en las personas con discapacidad f\u00edsica. Los alumnos tuvieron la oportunidad de preguntarle sobre el funcionamiento de la asociaci\u00f3n, de cara a trabajar conjuntamente con ellos en la mejora de la gesti\u00f3n de su comunicaci\u00f3n a lo largo de los pr\u00f3ximos meses.&nbsp;<\/p>\n\n\n\n<p>La segunda actividad se realiz\u00f3 el jueves 27 de febrero en la Facultad de Ciencias Sociales con una mesa redonda dirigida por la profesora Inmaculada Buend\u00eda en la que han participado, Marcos de Castro, ex presidente de CEPES y Alejandro Barahona, ex responsable del ministerio de Trabajo en el \u00e1rea de Econom\u00eda Social. Inmaculada ha comenzado leyendo el manifiesto por una mayor presencia de la econom\u00eda social en el \u00e1mbito universitario en el marco de la semana universitaria de la Econom\u00eda Social. A continuaci\u00f3n, Marcos de Castro ha\u00a0presentado los puntos fundamentales del origen y\u00a0existencia de las empresas de econom\u00eda social, en un espacio temporal de finales del siglo XVIII y principios del XIX marcado por las debilidades y los d\u00e9ficit\u00a0del mercado. Para finalar Alejandro Barahona ha centrado su discurso en el \u00e1mbito de las cooperativas y la relevancia actual de este sector. Ha hecho un recorrido por la legislaci\u00f3n estatal y regional espa\u00f1ola y ha destacado la legislaci\u00f3n en Castilla-La Mancha que recoge una figura \u00fanica y singular de cooperativas rurales para municipios de igual o menos de 15.000 habitantes.<\/p>\n\n\n\n<p>Estas sesiones se enmarca dentro del periodo del <a href=\"http:\/\/www.observatorioeconomiasocial.es\/actualidad-observatorio.php?id=4464\">21 al 28 de febrero, donde 20 universidades espa\u00f1olas han participado en la 1\u00aa Semana Universitaria de la Econom\u00eda Social<\/a>, convocada por laRed ENUIES, de Centros e Institutos Universitarios de Investigaci\u00f3n en Econom\u00eda Social, promovida por CIRIEC-Espa\u00f1a, centro de referencia en la investigaci\u00f3n y difusi\u00f3n de la econom\u00eda social en nuestro pa\u00eds y a nivel internacional. La UCLM ha participado con estas dos actividades dentro de las 72 desarrolladas en toda Espa\u00f1a, compuesta por conferencias, charlas en el aula, mesas redondas de entidades, cine-f\u00f3rums, exposiciones, presentaci\u00f3n de publicaciones y de resultados de proyectos de investigaci\u00f3n, seminarios, talleres o formaciones espec\u00edficas, entre otras. <\/p>\n","protected":false},"excerpt":{"rendered":"<p>La primera actividad fue el pasado martes 25 de febrero en la Facultad de Comunicaci\u00f3n. En la primera conferencia, Jos\u00e9 Mar\u00eda Herranz y Luis Mauricio Calvo empezaron presentando los aspectos generales para diferenciar las empresas de econom\u00eda social de mercado (cooperativas, sociedades laborales, centros especiales de empleo, empresas de inserci\u00f3n y mutualidades) y de no [&hellip;]<\/p>\n","protected":false},"author":84,"featured_media":1000,"comment_status":"closed","ping_status":"open","sticky":false,"template":"","format":"standard","meta":{"footnotes":""},"categories":[2],"tags":[18,34,74],"class_list":["post-1002","post","type-post","status-publish","format-standard","has-post-thumbnail","hentry","category-noticias","tag-comunicacion-corporativa","tag-economia-social","tag-seminariojornada"],"_links":{"self":[{"href":"https:\/\/blog.uclm.es\/josemariaherranz\/wp-json\/wp\/v2\/posts\/1002","targetHints":{"allow":["GET"]}}],"collection":[{"href":"https:\/\/blog.uclm.es\/josemariaherranz\/wp-json\/wp\/v2\/posts"}],"about":[{"href":"https:\/\/blog.uclm.es\/josemariaherranz\/wp-json\/wp\/v2\/types\/post"}],"author":[{"embeddable":true,"href":"https:\/\/blog.uclm.es\/josemariaherranz\/wp-json\/wp\/v2\/users\/84"}],"replies":[{"embeddable":true,"href":"https:\/\/blog.uclm.es\/josemariaherranz\/wp-json\/wp\/v2\/comments?post=1002"}],"version-history":[{"count":0,"href":"https:\/\/blog.uclm.es\/josemariaherranz\/wp-json\/wp\/v2\/posts\/1002\/revisions"}],"wp:featuredmedia":[{"embeddable":true,"href":"https:\/\/blog.uclm.es\/josemariaherranz\/wp-json\/wp\/v2\/media\/1000"}],"wp:attachment":[{"href":"https:\/\/blog.uclm.es\/josemariaherranz\/wp-json\/wp\/v2\/media?parent=1002"}],"wp:term":[{"taxonomy":"category","embeddable":true,"href":"https:\/\/blog.uclm.es\/josemariaherranz\/wp-json\/wp\/v2\/categories?post=1002"},{"taxonomy":"post_tag","embeddable":true,"href":"https:\/\/blog.uclm.es\/josemariaherranz\/wp-json\/wp\/v2\/tags?post=1002"}],"curies":[{"name":"wp","href":"https:\/\/api.w.org\/{rel}","templated":true}]}}