{"id":91,"date":"2018-03-03T13:35:03","date_gmt":"2018-03-03T12:35:03","guid":{"rendered":"http:\/\/blog.uclm.es\/grupogresam\/?p=91"},"modified":"2018-03-03T13:35:03","modified_gmt":"2018-03-03T12:35:03","slug":"conferencia-relaciones-hispano-argelinas-un-recorrido-historico","status":"publish","type":"post","link":"https:\/\/blog.uclm.es\/grupogresam\/2018\/03\/03\/conferencia-relaciones-hispano-argelinas-un-recorrido-historico\/","title":{"rendered":"Conferencia: Relaciones hispano-argelinas: un recorrido hist\u00f3rico"},"content":{"rendered":"<p>El pr\u00f3ximo martes 13 de marzo de 2018 tendr\u00e1 lugar la conferencia <em>Relaciones hispano-argelinas: un recibo hist\u00f3rico<\/em> a cargo del profesor Salah Eddine Salhi de la Universidad de Tlemecen (Argelia), en el aula 0.1. de la Facultad de Humanidades.<br \/>\nEsta conferencia se inserta dentro del ciclo <em>Relaciones Hispano-Magreb\u00edes<\/em><\/p>\n<p><a href=\"https:\/\/blog.uclm.es\/grupogresam\/wp-content\/uploads\/sites\/194\/2018\/10\/Cartel-conferencia-Relaciones-Hispano-Agelinas.-Un-recorrido-historico.pdf\">Cartel conferencia Relaciones Hispano-Agelinas. Un recorrido hist\u00f3rico<\/a><\/p>\n<p>&nbsp;<\/p>\n<p>https:\/\/twitter.com\/GRESAMGRUPO\/status\/973496170021605377<\/p>\n<p>&nbsp;<\/p>\n","protected":false},"excerpt":{"rendered":"<p>El pr\u00f3ximo martes 13 de marzo de 2018 tendr\u00e1 lugar la conferencia Relaciones hispano-argelinas: un recibo hist\u00f3rico a cargo del profesor Salah Eddine Salhi de la Universidad de Tlemecen (Argelia), en el aula 0.1. de la Facultad de Humanidades. Esta conferencia se inserta dentro del ciclo Relaciones Hispano-Magreb\u00edes Cartel conferencia Relaciones Hispano-Agelinas. Un recorrido hist\u00f3rico &hellip; <\/p>\n<p class=\"link-more\"><a href=\"https:\/\/blog.uclm.es\/grupogresam\/2018\/03\/03\/conferencia-relaciones-hispano-argelinas-un-recorrido-historico\/\" class=\"more-link\">Continuar leyendo<span class=\"screen-reader-text\"> \u00abConferencia: Relaciones hispano-argelinas: un recorrido hist\u00f3rico\u00bb<\/span><\/a><\/p>\n","protected":false},"author":284,"featured_media":0,"comment_status":"closed","ping_status":"open","sticky":false,"template":"","format":"standard","meta":{"footnotes":""},"categories":[2],"tags":[7,71,81],"class_list":["post-91","post","type-post","status-publish","format-standard","hentry","category-actividades","tag-argelia","tag-relaciones-hispano-argelinas","tag-seminario-relaciones-hispano-magrebies"],"_links":{"self":[{"href":"https:\/\/blog.uclm.es\/grupogresam\/wp-json\/wp\/v2\/posts\/91","targetHints":{"allow":["GET"]}}],"collection":[{"href":"https:\/\/blog.uclm.es\/grupogresam\/wp-json\/wp\/v2\/posts"}],"about":[{"href":"https:\/\/blog.uclm.es\/grupogresam\/wp-json\/wp\/v2\/types\/post"}],"author":[{"embeddable":true,"href":"https:\/\/blog.uclm.es\/grupogresam\/wp-json\/wp\/v2\/users\/284"}],"replies":[{"embeddable":true,"href":"https:\/\/blog.uclm.es\/grupogresam\/wp-json\/wp\/v2\/comments?post=91"}],"version-history":[{"count":0,"href":"https:\/\/blog.uclm.es\/grupogresam\/wp-json\/wp\/v2\/posts\/91\/revisions"}],"wp:attachment":[{"href":"https:\/\/blog.uclm.es\/grupogresam\/wp-json\/wp\/v2\/media?parent=91"}],"wp:term":[{"taxonomy":"category","embeddable":true,"href":"https:\/\/blog.uclm.es\/grupogresam\/wp-json\/wp\/v2\/categories?post=91"},{"taxonomy":"post_tag","embeddable":true,"href":"https:\/\/blog.uclm.es\/grupogresam\/wp-json\/wp\/v2\/tags?post=91"}],"curies":[{"name":"wp","href":"https:\/\/api.w.org\/{rel}","templated":true}]}}