{"id":1026,"date":"2019-11-11T10:27:41","date_gmt":"2019-11-11T09:27:41","guid":{"rendered":"http:\/\/blog.uclm.es\/grupogresam\/?p=1026"},"modified":"2022-10-26T15:29:52","modified_gmt":"2022-10-26T15:29:52","slug":"seminario-accion-colectiva-en-el-norte-de-africa-los-casos-de-tunez-y-egipto","status":"publish","type":"post","link":"https:\/\/blog.uclm.es\/grupogresam\/2019\/11\/11\/seminario-accion-colectiva-en-el-norte-de-africa-los-casos-de-tunez-y-egipto\/","title":{"rendered":"Seminario: Acci\u00f3n colectiva en el Norte de \u00c1frica: los casos de T\u00fanez y Egipto"},"content":{"rendered":"\n<p>Investigadores del GRESAM participan en el Seminario \u00abAcci\u00f3n colectiva en el Norte de \u00c1frica: los casos de T\u00fanez y Egipto\u00bb que tendr\u00e1 lugar el 15 de noviembre de 2019 en la Universidad Rey Juan Carlos.<\/p>\n\n\n\n<figure class=\"wp-block-image size-large\"><img loading=\"lazy\" decoding=\"async\" width=\"1024\" height=\"725\" src=\"https:\/\/blog.uclm.es\/grupogresam\/wp-content\/uploads\/sites\/194\/2019\/11\/Seminario-Accion-Colectiva-en-el-Norte-de-Africa-1024x725.jpg\" alt=\"\" class=\"wp-image-1027\" srcset=\"https:\/\/blog.uclm.es\/grupogresam\/wp-content\/uploads\/sites\/194\/2019\/11\/Seminario-Accion-Colectiva-en-el-Norte-de-Africa-1024x725.jpg 1024w, https:\/\/blog.uclm.es\/grupogresam\/wp-content\/uploads\/sites\/194\/2019\/11\/Seminario-Accion-Colectiva-en-el-Norte-de-Africa-300x212.jpg 300w, https:\/\/blog.uclm.es\/grupogresam\/wp-content\/uploads\/sites\/194\/2019\/11\/Seminario-Accion-Colectiva-en-el-Norte-de-Africa-768x543.jpg 768w, https:\/\/blog.uclm.es\/grupogresam\/wp-content\/uploads\/sites\/194\/2019\/11\/Seminario-Accion-Colectiva-en-el-Norte-de-Africa-1536x1087.jpg 1536w, https:\/\/blog.uclm.es\/grupogresam\/wp-content\/uploads\/sites\/194\/2019\/11\/Seminario-Accion-Colectiva-en-el-Norte-de-Africa.jpg 1754w\" sizes=\"auto, (max-width: 767px) 89vw, (max-width: 1000px) 54vw, (max-width: 1071px) 543px, 580px\" \/><\/figure>\n\n\n\n<!--more-->\n\n\n\n<p><a href=\"https:\/\/twitter.com\/GRESAMGRUPO\/status\/1195351101085822976\">https:\/\/twitter.com\/GRESAMGRUPO\/status\/1195351101085822976<\/a><\/p>\n","protected":false},"excerpt":{"rendered":"<p>Investigadores del GRESAM participan en el Seminario \u00abAcci\u00f3n colectiva en el Norte de \u00c1frica: los casos de T\u00fanez y Egipto\u00bb que tendr\u00e1 lugar el 15 de noviembre de 2019 en la Universidad Rey Juan Carlos.<\/p>\n","protected":false},"author":284,"featured_media":0,"comment_status":"closed","ping_status":"open","sticky":false,"template":"","format":"standard","meta":{"footnotes":""},"categories":[4],"tags":[25,59,85],"class_list":["post-1026","post","type-post","status-publish","format-standard","hentry","category-uncategorized","tag-egipto","tag-norte-de-africa","tag-tunez"],"_links":{"self":[{"href":"https:\/\/blog.uclm.es\/grupogresam\/wp-json\/wp\/v2\/posts\/1026","targetHints":{"allow":["GET"]}}],"collection":[{"href":"https:\/\/blog.uclm.es\/grupogresam\/wp-json\/wp\/v2\/posts"}],"about":[{"href":"https:\/\/blog.uclm.es\/grupogresam\/wp-json\/wp\/v2\/types\/post"}],"author":[{"embeddable":true,"href":"https:\/\/blog.uclm.es\/grupogresam\/wp-json\/wp\/v2\/users\/284"}],"replies":[{"embeddable":true,"href":"https:\/\/blog.uclm.es\/grupogresam\/wp-json\/wp\/v2\/comments?post=1026"}],"version-history":[{"count":2,"href":"https:\/\/blog.uclm.es\/grupogresam\/wp-json\/wp\/v2\/posts\/1026\/revisions"}],"predecessor-version":[{"id":1547,"href":"https:\/\/blog.uclm.es\/grupogresam\/wp-json\/wp\/v2\/posts\/1026\/revisions\/1547"}],"wp:attachment":[{"href":"https:\/\/blog.uclm.es\/grupogresam\/wp-json\/wp\/v2\/media?parent=1026"}],"wp:term":[{"taxonomy":"category","embeddable":true,"href":"https:\/\/blog.uclm.es\/grupogresam\/wp-json\/wp\/v2\/categories?post=1026"},{"taxonomy":"post_tag","embeddable":true,"href":"https:\/\/blog.uclm.es\/grupogresam\/wp-json\/wp\/v2\/tags?post=1026"}],"curies":[{"name":"wp","href":"https:\/\/api.w.org\/{rel}","templated":true}]}}