{"id":1796,"date":"2024-07-25T09:01:42","date_gmt":"2024-07-25T09:01:42","guid":{"rendered":"https:\/\/blog.uclm.es\/grupochico\/?p=1796"},"modified":"2024-07-25T09:04:13","modified_gmt":"2024-07-25T09:04:13","slug":"presentacion-de-plantea","status":"publish","type":"post","link":"https:\/\/blog.uclm.es\/grupochico\/2024\/07\/25\/presentacion-de-plantea\/","title":{"rendered":"Presentaci\u00f3n de PlanTEA"},"content":{"rendered":"\n<div class=\"wp-block-media-text alignfull is-stacked-on-mobile is-vertically-aligned-top is-image-fill\" style=\"grid-template-columns:52% auto\"><figure class=\"wp-block-media-text__media\" style=\"background-image:url(https:\/\/blog.uclm.es\/grupochico\/wp-content\/uploads\/sites\/41\/2024\/07\/WhatsApp-Image-2024-07-22-at-14.15.47-1024x768.jpeg);background-position:50% 50%\"><img loading=\"lazy\" decoding=\"async\" width=\"1024\" height=\"768\" src=\"https:\/\/blog.uclm.es\/grupochico\/wp-content\/uploads\/sites\/41\/2024\/07\/WhatsApp-Image-2024-07-22-at-14.15.47-1024x768.jpeg\" alt=\"\" class=\"wp-image-1792 size-full\" srcset=\"https:\/\/blog.uclm.es\/grupochico\/wp-content\/uploads\/sites\/41\/2024\/07\/WhatsApp-Image-2024-07-22-at-14.15.47-1024x768.jpeg 1024w, https:\/\/blog.uclm.es\/grupochico\/wp-content\/uploads\/sites\/41\/2024\/07\/WhatsApp-Image-2024-07-22-at-14.15.47-300x225.jpeg 300w, https:\/\/blog.uclm.es\/grupochico\/wp-content\/uploads\/sites\/41\/2024\/07\/WhatsApp-Image-2024-07-22-at-14.15.47-768x576.jpeg 768w, https:\/\/blog.uclm.es\/grupochico\/wp-content\/uploads\/sites\/41\/2024\/07\/WhatsApp-Image-2024-07-22-at-14.15.47-1536x1152.jpeg 1536w, https:\/\/blog.uclm.es\/grupochico\/wp-content\/uploads\/sites\/41\/2024\/07\/WhatsApp-Image-2024-07-22-at-14.15.47.jpeg 2000w\" sizes=\"auto, (max-width: 706px) 89vw, (max-width: 767px) 82vw, 740px\" \/><\/figure><div class=\"wp-block-media-text__content\">\n<div style=\"height:0px\" aria-hidden=\"true\" class=\"wp-block-spacer block_mobile\"><\/div>\n\n\n\n<h3 class=\"wp-block-heading has-text-align-center has-text-color\" style=\"color:#000000\"><a href=\"https:\/\/blog.uclm.es\/grupochico\/presentacion-de-plantea-al-presidente-de-la-confederacion-autismo-espana\/\" target=\"_blank\" rel=\"noreferrer noopener\"><strong>Presentaci\u00f3n de PlanTEA al presidente de la Confederaci\u00f3n Autismo Espa\u00f1a<\/strong><\/a><\/h3>\n\n\n\n<p class=\"has-text-align-center has-extra-small-font-size\">Grupo CHICO<br>Federaci\u00f3n Espa\u00f1ola de Autismo (FESPAU)<\/p>\n\n\n\n<div style=\"height:3px\" aria-hidden=\"true\" class=\"wp-block-spacer block_mobile\"><\/div>\n<\/div><\/div>\n","protected":false},"excerpt":{"rendered":"","protected":false},"author":127,"featured_media":0,"comment_status":"open","ping_status":"open","sticky":false,"template":"","format":"standard","meta":{"footnotes":""},"categories":[2],"tags":[],"class_list":["post-1796","post","type-post","status-publish","format-standard","hentry","category-chico-al-dia"],"_links":{"self":[{"href":"https:\/\/blog.uclm.es\/grupochico\/wp-json\/wp\/v2\/posts\/1796","targetHints":{"allow":["GET"]}}],"collection":[{"href":"https:\/\/blog.uclm.es\/grupochico\/wp-json\/wp\/v2\/posts"}],"about":[{"href":"https:\/\/blog.uclm.es\/grupochico\/wp-json\/wp\/v2\/types\/post"}],"author":[{"embeddable":true,"href":"https:\/\/blog.uclm.es\/grupochico\/wp-json\/wp\/v2\/users\/127"}],"replies":[{"embeddable":true,"href":"https:\/\/blog.uclm.es\/grupochico\/wp-json\/wp\/v2\/comments?post=1796"}],"version-history":[{"count":1,"href":"https:\/\/blog.uclm.es\/grupochico\/wp-json\/wp\/v2\/posts\/1796\/revisions"}],"predecessor-version":[{"id":1797,"href":"https:\/\/blog.uclm.es\/grupochico\/wp-json\/wp\/v2\/posts\/1796\/revisions\/1797"}],"wp:attachment":[{"href":"https:\/\/blog.uclm.es\/grupochico\/wp-json\/wp\/v2\/media?parent=1796"}],"wp:term":[{"taxonomy":"category","embeddable":true,"href":"https:\/\/blog.uclm.es\/grupochico\/wp-json\/wp\/v2\/categories?post=1796"},{"taxonomy":"post_tag","embeddable":true,"href":"https:\/\/blog.uclm.es\/grupochico\/wp-json\/wp\/v2\/tags?post=1796"}],"curies":[{"name":"wp","href":"https:\/\/api.w.org\/{rel}","templated":true}]}}