{"id":1731,"date":"2023-11-22T08:31:17","date_gmt":"2023-11-22T08:31:17","guid":{"rendered":"https:\/\/blog.uclm.es\/grupochico\/?p=1731"},"modified":"2023-11-22T08:33:32","modified_gmt":"2023-11-22T08:33:32","slug":"inauguracion-de-la-jornada-anual-catedra-uclm-telefonica","status":"publish","type":"post","link":"https:\/\/blog.uclm.es\/grupochico\/2023\/11\/22\/inauguracion-de-la-jornada-anual-catedra-uclm-telefonica\/","title":{"rendered":"Inauguraci\u00f3n de la jornada anual C\u00e1tedra UCLM-Telef\u00f3nica"},"content":{"rendered":"\n<div class=\"wp-block-media-text alignfull is-stacked-on-mobile is-vertically-aligned-top is-image-fill\" style=\"grid-template-columns:52% auto\"><figure class=\"wp-block-media-text__media\" style=\"background-image:url(https:\/\/blog.uclm.es\/grupochico\/wp-content\/uploads\/sites\/41\/2023\/11\/Jornada_Catedra_Telefonica1.jpg);background-position:50% 50%\"><img loading=\"lazy\" decoding=\"async\" width=\"854\" height=\"481\" src=\"https:\/\/blog.uclm.es\/grupochico\/wp-content\/uploads\/sites\/41\/2023\/11\/Jornada_Catedra_Telefonica1.jpg\" alt=\"\" class=\"wp-image-1732 size-full\" srcset=\"https:\/\/blog.uclm.es\/grupochico\/wp-content\/uploads\/sites\/41\/2023\/11\/Jornada_Catedra_Telefonica1.jpg 854w, https:\/\/blog.uclm.es\/grupochico\/wp-content\/uploads\/sites\/41\/2023\/11\/Jornada_Catedra_Telefonica1-300x169.jpg 300w, https:\/\/blog.uclm.es\/grupochico\/wp-content\/uploads\/sites\/41\/2023\/11\/Jornada_Catedra_Telefonica1-768x433.jpg 768w\" sizes=\"auto, (max-width: 706px) 89vw, (max-width: 767px) 82vw, 740px\" \/><\/figure><div class=\"wp-block-media-text__content\">\n<div style=\"height:0px\" aria-hidden=\"true\" class=\"wp-block-spacer block_mobile\"><\/div>\n\n\n\n<h3 class=\"wp-block-heading has-text-align-center has-text-color\" style=\"color:#000000\"><a rel=\"noreferrer noopener\" href=\"https:\/\/www.uclm.es\/es\/noticias\/noticias2023\/noviembre\/ciudad-real\/jornada_catedra_telefonica#\" target=\"_blank\"><strong>La C\u00e1tedra UCLM-Telef\u00f3nica celebra su jornada anual en la ESI<\/strong><\/a><\/h3>\n\n\n\n<p class=\"has-text-align-center has-extra-small-font-size\">C\u00e1tedra UCLM-Telef\u00f3nica<br>Grupo CHICO <\/p>\n\n\n\n<div style=\"height:3px\" aria-hidden=\"true\" class=\"wp-block-spacer block_mobile\"><\/div>\n<\/div><\/div>\n","protected":false},"excerpt":{"rendered":"","protected":false},"author":67,"featured_media":0,"comment_status":"open","ping_status":"open","sticky":false,"template":"","format":"standard","meta":{"footnotes":""},"categories":[2,3],"tags":[],"class_list":["post-1731","post","type-post","status-publish","format-standard","hentry","category-chico-al-dia","category-eventos"],"_links":{"self":[{"href":"https:\/\/blog.uclm.es\/grupochico\/wp-json\/wp\/v2\/posts\/1731","targetHints":{"allow":["GET"]}}],"collection":[{"href":"https:\/\/blog.uclm.es\/grupochico\/wp-json\/wp\/v2\/posts"}],"about":[{"href":"https:\/\/blog.uclm.es\/grupochico\/wp-json\/wp\/v2\/types\/post"}],"author":[{"embeddable":true,"href":"https:\/\/blog.uclm.es\/grupochico\/wp-json\/wp\/v2\/users\/67"}],"replies":[{"embeddable":true,"href":"https:\/\/blog.uclm.es\/grupochico\/wp-json\/wp\/v2\/comments?post=1731"}],"version-history":[{"count":2,"href":"https:\/\/blog.uclm.es\/grupochico\/wp-json\/wp\/v2\/posts\/1731\/revisions"}],"predecessor-version":[{"id":1734,"href":"https:\/\/blog.uclm.es\/grupochico\/wp-json\/wp\/v2\/posts\/1731\/revisions\/1734"}],"wp:attachment":[{"href":"https:\/\/blog.uclm.es\/grupochico\/wp-json\/wp\/v2\/media?parent=1731"}],"wp:term":[{"taxonomy":"category","embeddable":true,"href":"https:\/\/blog.uclm.es\/grupochico\/wp-json\/wp\/v2\/categories?post=1731"},{"taxonomy":"post_tag","embeddable":true,"href":"https:\/\/blog.uclm.es\/grupochico\/wp-json\/wp\/v2\/tags?post=1731"}],"curies":[{"name":"wp","href":"https:\/\/api.w.org\/{rel}","templated":true}]}}