{"id":1713,"date":"2023-10-23T12:39:08","date_gmt":"2023-10-23T12:39:08","guid":{"rendered":"https:\/\/blog.uclm.es\/grupochico\/?p=1713"},"modified":"2023-10-23T12:41:50","modified_gmt":"2023-10-23T12:41:50","slug":"v-congreso-internacional-de-autismo","status":"publish","type":"post","link":"https:\/\/blog.uclm.es\/grupochico\/2023\/10\/23\/v-congreso-internacional-de-autismo\/","title":{"rendered":"V Congreso Internacional de Autismo"},"content":{"rendered":"\n<div class=\"wp-block-media-text alignfull is-stacked-on-mobile is-vertically-aligned-top is-image-fill\" style=\"grid-template-columns:52% auto\"><figure class=\"wp-block-media-text__media\" style=\"background-image:url(https:\/\/blog.uclm.es\/grupochico\/wp-content\/uploads\/sites\/41\/2023\/10\/CongresoAutismo.jpeg);background-position:50% 50%\"><img loading=\"lazy\" decoding=\"async\" width=\"666\" height=\"888\" src=\"https:\/\/blog.uclm.es\/grupochico\/wp-content\/uploads\/sites\/41\/2023\/10\/CongresoAutismo.jpeg\" alt=\"\" class=\"wp-image-1714 size-full\" srcset=\"https:\/\/blog.uclm.es\/grupochico\/wp-content\/uploads\/sites\/41\/2023\/10\/CongresoAutismo.jpeg 666w, https:\/\/blog.uclm.es\/grupochico\/wp-content\/uploads\/sites\/41\/2023\/10\/CongresoAutismo-225x300.jpeg 225w\" sizes=\"auto, (max-width: 666px) 100vw, 666px\" \/><\/figure><div class=\"wp-block-media-text__content\">\n<div style=\"height:0px\" aria-hidden=\"true\" class=\"wp-block-spacer block_mobile\"><\/div>\n\n\n\n<h3 class=\"wp-block-heading has-text-align-center has-text-color\" style=\"color:#000000\"><strong>Carmen Lacave<\/strong> <strong>y Patricia Hern\u00e1ndez presentaron la aplicaci\u00f3n PlanTEA en el V Congreso Internacional de Autismo, celebrado en Murcia los d\u00edas 19 al 21 de octubre <\/strong><\/h3>\n\n\n\n<p class=\"has-text-align-center has-extra-small-font-size\"> Grupo CHICO &amp; AUTRADE<\/p>\n\n\n\n<div style=\"height:3px\" aria-hidden=\"true\" class=\"wp-block-spacer block_mobile\"><\/div>\n<\/div><\/div>\n","protected":false},"excerpt":{"rendered":"","protected":false},"author":127,"featured_media":0,"comment_status":"open","ping_status":"open","sticky":false,"template":"","format":"standard","meta":{"footnotes":""},"categories":[2,4],"tags":[],"class_list":["post-1713","post","type-post","status-publish","format-standard","hentry","category-chico-al-dia","category-ponencias"],"_links":{"self":[{"href":"https:\/\/blog.uclm.es\/grupochico\/wp-json\/wp\/v2\/posts\/1713","targetHints":{"allow":["GET"]}}],"collection":[{"href":"https:\/\/blog.uclm.es\/grupochico\/wp-json\/wp\/v2\/posts"}],"about":[{"href":"https:\/\/blog.uclm.es\/grupochico\/wp-json\/wp\/v2\/types\/post"}],"author":[{"embeddable":true,"href":"https:\/\/blog.uclm.es\/grupochico\/wp-json\/wp\/v2\/users\/127"}],"replies":[{"embeddable":true,"href":"https:\/\/blog.uclm.es\/grupochico\/wp-json\/wp\/v2\/comments?post=1713"}],"version-history":[{"count":3,"href":"https:\/\/blog.uclm.es\/grupochico\/wp-json\/wp\/v2\/posts\/1713\/revisions"}],"predecessor-version":[{"id":1717,"href":"https:\/\/blog.uclm.es\/grupochico\/wp-json\/wp\/v2\/posts\/1713\/revisions\/1717"}],"wp:attachment":[{"href":"https:\/\/blog.uclm.es\/grupochico\/wp-json\/wp\/v2\/media?parent=1713"}],"wp:term":[{"taxonomy":"category","embeddable":true,"href":"https:\/\/blog.uclm.es\/grupochico\/wp-json\/wp\/v2\/categories?post=1713"},{"taxonomy":"post_tag","embeddable":true,"href":"https:\/\/blog.uclm.es\/grupochico\/wp-json\/wp\/v2\/tags?post=1713"}],"curies":[{"name":"wp","href":"https:\/\/api.w.org\/{rel}","templated":true}]}}