{"id":3308,"date":"2020-10-19T15:46:34","date_gmt":"2020-10-19T14:46:34","guid":{"rendered":"http:\/\/blog.uclm.es\/grupo-eei\/?p=3308"},"modified":"2023-02-06T17:17:58","modified_gmt":"2023-02-06T17:17:58","slug":"catedratica-de-la-uclm-carmen-diaz-mora","status":"publish","type":"post","link":"https:\/\/blog.uclm.es\/grupo-eei\/2020\/10\/19\/catedratica-de-la-uclm-carmen-diaz-mora\/","title":{"rendered":"CATEDR\u00c1TICA DE LA UCLM &#8211; CARMEN D\u00cdAZ MORA"},"content":{"rendered":"<p>La m\u00e1s sincera enhorabuena y felicitaciones para&nbsp; nuestra&nbsp; compa\u00f1era <strong>Carmen D\u00edaz Mora<\/strong> que el pasado viernes <strong>16 de octubre de 2020<\/strong> accedi\u00f3 al cuerpo de <strong>Catedr\u00e1ticos de la Universidad de Castilla La Mancha <\/strong>tras el concurso que se celebr\u00f3 en la Facultad de Ciencias Jur\u00eddicas y Sociales de Toledo, presidido por la Directora del Departamento e IP del Grupo, <strong>Rosario Gandoy Juste. <\/strong>M\u00e1s que merecido!!<\/p>\n\n<div class=\"wp-block-image\">\n<figure class=\"aligncenter size-large is-resized\"><img loading=\"lazy\" decoding=\"async\" src=\"https:\/\/blog.uclm.es\/grupo-eei\/wp-content\/uploads\/sites\/238\/2020\/10\/Catedra-CDM-16102020-scaled-1.jpg\" alt=\"\" width=\"469\" height=\"352\" \/><\/figure>\n<\/div>","protected":false},"excerpt":{"rendered":"<p>La m\u00e1s sincera enhorabuena y felicitaciones para&nbsp; nuestra&nbsp; compa\u00f1era Carmen D\u00edaz Mora que el pasado viernes 16 de octubre de 2020 accedi\u00f3 al cuerpo de Catedr\u00e1ticos de la Universidad de Castilla La Mancha tras el concurso que se celebr\u00f3 en la Facultad de Ciencias Jur\u00eddicas y Sociales de Toledo, presidido por la Directora del Departamento &hellip; <a href=\"https:\/\/blog.uclm.es\/grupo-eei\/2020\/10\/19\/catedratica-de-la-uclm-carmen-diaz-mora\/\" class=\"more-link\">Seguir leyendo <span class=\"screen-reader-text\">CATEDR\u00c1TICA DE LA UCLM &#8211; CARMEN D\u00cdAZ MORA<\/span> <span class=\"meta-nav\">&rarr;<\/span><\/a><\/p>\n","protected":false},"author":395,"featured_media":0,"comment_status":"closed","ping_status":"open","sticky":false,"template":"","format":"standard","meta":{"footnotes":""},"categories":[3],"tags":[],"class_list":["post-3308","post","type-post","status-publish","format-standard","hentry","category-noticias"],"_links":{"self":[{"href":"https:\/\/blog.uclm.es\/grupo-eei\/wp-json\/wp\/v2\/posts\/3308","targetHints":{"allow":["GET"]}}],"collection":[{"href":"https:\/\/blog.uclm.es\/grupo-eei\/wp-json\/wp\/v2\/posts"}],"about":[{"href":"https:\/\/blog.uclm.es\/grupo-eei\/wp-json\/wp\/v2\/types\/post"}],"author":[{"embeddable":true,"href":"https:\/\/blog.uclm.es\/grupo-eei\/wp-json\/wp\/v2\/users\/395"}],"replies":[{"embeddable":true,"href":"https:\/\/blog.uclm.es\/grupo-eei\/wp-json\/wp\/v2\/comments?post=3308"}],"version-history":[{"count":1,"href":"https:\/\/blog.uclm.es\/grupo-eei\/wp-json\/wp\/v2\/posts\/3308\/revisions"}],"predecessor-version":[{"id":4167,"href":"https:\/\/blog.uclm.es\/grupo-eei\/wp-json\/wp\/v2\/posts\/3308\/revisions\/4167"}],"wp:attachment":[{"href":"https:\/\/blog.uclm.es\/grupo-eei\/wp-json\/wp\/v2\/media?parent=3308"}],"wp:term":[{"taxonomy":"category","embeddable":true,"href":"https:\/\/blog.uclm.es\/grupo-eei\/wp-json\/wp\/v2\/categories?post=3308"},{"taxonomy":"post_tag","embeddable":true,"href":"https:\/\/blog.uclm.es\/grupo-eei\/wp-json\/wp\/v2\/tags?post=3308"}],"curies":[{"name":"wp","href":"https:\/\/api.w.org\/{rel}","templated":true}]}}