{"id":215,"date":"2015-09-09T11:22:00","date_gmt":"2015-09-09T11:22:00","guid":{"rendered":"https:\/\/blog.uclm.es\/grupo-compublic\/?p=215"},"modified":"2022-12-09T09:36:32","modified_gmt":"2022-12-09T09:36:32","slug":"el-derecho-en-el-cine-y-el-cine-en-el-derecho-alfabetizacion-mediatica-educacion-y-audiovisual","status":"publish","type":"post","link":"https:\/\/blog.uclm.es\/grupo-compublic\/2015\/09\/09\/el-derecho-en-el-cine-y-el-cine-en-el-derecho-alfabetizacion-mediatica-educacion-y-audiovisual\/","title":{"rendered":"\u00abEl derecho en el cine y el cine en el derecho: alfabetizaci\u00f3n medi\u00e1tica, educaci\u00f3n y\u00a0audiovisual\u00bb"},"content":{"rendered":"\n<p>Fecha: 17 septiembre, 23 de octubre y 20 de noviembre de 2015<br>D\u00f3nde: Toledo, Facultad de Ciencias Jur\u00eddicas y Sociales de Toledo.&nbsp;Sala de \u00d3culos<\/p>\n\n\n\n<p>Organizan:<br>Grupo de I+D \u201cComunicaci\u00f3n P\u00fablica: Poder, Derecho y Mensaje (ComPublic)\u201d<\/p>\n\n\n\n<p><strong><a href=\"https:\/\/compublic.files.wordpress.com\/2015\/09\/cartel-seminario-especializacion-cine-definitivo.pdf\" target=\"_blank\" rel=\"noreferrer noopener\">Descarga aqu\u00ed<\/a><\/strong> el PDF con toda la informaci\u00f3n.<\/p>\n\n\n\n<p>Ver algunas fotos:<\/p>\n\n\n\n<figure class=\"wp-block-gallery has-nested-images columns-default is-cropped wp-block-gallery-1 is-layout-flex wp-block-gallery-is-layout-flex\">\n<figure class=\"wp-block-image size-large\"><img loading=\"lazy\" decoding=\"async\" width=\"644\" height=\"440\" data-id=\"216\" src=\"https:\/\/blog.uclm.es\/grupo-compublic\/wp-content\/uploads\/sites\/217\/2022\/12\/1.jpg\" alt=\"\" class=\"wp-image-216\" srcset=\"https:\/\/blog.uclm.es\/grupo-compublic\/wp-content\/uploads\/sites\/217\/2022\/12\/1.jpg 644w, https:\/\/blog.uclm.es\/grupo-compublic\/wp-content\/uploads\/sites\/217\/2022\/12\/1-300x205.jpg 300w\" sizes=\"auto, (max-width: 644px) 100vw, 644px\" \/><\/figure>\n\n\n\n<figure class=\"wp-block-image size-large\"><img loading=\"lazy\" decoding=\"async\" width=\"1024\" height=\"685\" data-id=\"218\" src=\"https:\/\/blog.uclm.es\/grupo-compublic\/wp-content\/uploads\/sites\/217\/2022\/12\/2-1024x685.webp\" alt=\"\" class=\"wp-image-218\" srcset=\"https:\/\/blog.uclm.es\/grupo-compublic\/wp-content\/uploads\/sites\/217\/2022\/12\/2-1024x685.webp 1024w, https:\/\/blog.uclm.es\/grupo-compublic\/wp-content\/uploads\/sites\/217\/2022\/12\/2-300x201.webp 300w, https:\/\/blog.uclm.es\/grupo-compublic\/wp-content\/uploads\/sites\/217\/2022\/12\/2-768x514.webp 768w, https:\/\/blog.uclm.es\/grupo-compublic\/wp-content\/uploads\/sites\/217\/2022\/12\/2-1536x1028.webp 1536w, https:\/\/blog.uclm.es\/grupo-compublic\/wp-content\/uploads\/sites\/217\/2022\/12\/2.webp 1726w\" sizes=\"auto, (max-width: 767px) 89vw, (max-width: 1000px) 54vw, (max-width: 1071px) 543px, 580px\" \/><\/figure>\n\n\n\n<figure class=\"wp-block-image size-large\"><img loading=\"lazy\" decoding=\"async\" width=\"1024\" height=\"685\" data-id=\"217\" src=\"https:\/\/blog.uclm.es\/grupo-compublic\/wp-content\/uploads\/sites\/217\/2022\/12\/3-1024x685.webp\" alt=\"\" class=\"wp-image-217\" srcset=\"https:\/\/blog.uclm.es\/grupo-compublic\/wp-content\/uploads\/sites\/217\/2022\/12\/3-1024x685.webp 1024w, https:\/\/blog.uclm.es\/grupo-compublic\/wp-content\/uploads\/sites\/217\/2022\/12\/3-300x201.webp 300w, https:\/\/blog.uclm.es\/grupo-compublic\/wp-content\/uploads\/sites\/217\/2022\/12\/3-768x514.webp 768w, https:\/\/blog.uclm.es\/grupo-compublic\/wp-content\/uploads\/sites\/217\/2022\/12\/3-1536x1028.webp 1536w, https:\/\/blog.uclm.es\/grupo-compublic\/wp-content\/uploads\/sites\/217\/2022\/12\/3.webp 1726w\" sizes=\"auto, (max-width: 767px) 89vw, (max-width: 1000px) 54vw, (max-width: 1071px) 543px, 580px\" \/><\/figure>\n<\/figure>\n","protected":false},"excerpt":{"rendered":"<p>Fecha: 17 septiembre, 23 de octubre y 20 de noviembre de 2015D\u00f3nde: Toledo, Facultad de Ciencias Jur\u00eddicas y Sociales de Toledo.&nbsp;Sala de \u00d3culos Organizan:Grupo de I+D \u201cComunicaci\u00f3n P\u00fablica: Poder, Derecho y Mensaje (ComPublic)\u201d Descarga aqu\u00ed el PDF con toda la informaci\u00f3n. Ver algunas fotos:<\/p>\n","protected":false},"author":135,"featured_media":216,"comment_status":"closed","ping_status":"open","sticky":false,"template":"","format":"standard","meta":{"footnotes":""},"categories":[1],"tags":[],"class_list":["post-215","post","type-post","status-publish","format-standard","has-post-thumbnail","hentry","category-sin-categoria"],"_links":{"self":[{"href":"https:\/\/blog.uclm.es\/grupo-compublic\/wp-json\/wp\/v2\/posts\/215","targetHints":{"allow":["GET"]}}],"collection":[{"href":"https:\/\/blog.uclm.es\/grupo-compublic\/wp-json\/wp\/v2\/posts"}],"about":[{"href":"https:\/\/blog.uclm.es\/grupo-compublic\/wp-json\/wp\/v2\/types\/post"}],"author":[{"embeddable":true,"href":"https:\/\/blog.uclm.es\/grupo-compublic\/wp-json\/wp\/v2\/users\/135"}],"replies":[{"embeddable":true,"href":"https:\/\/blog.uclm.es\/grupo-compublic\/wp-json\/wp\/v2\/comments?post=215"}],"version-history":[{"count":1,"href":"https:\/\/blog.uclm.es\/grupo-compublic\/wp-json\/wp\/v2\/posts\/215\/revisions"}],"predecessor-version":[{"id":219,"href":"https:\/\/blog.uclm.es\/grupo-compublic\/wp-json\/wp\/v2\/posts\/215\/revisions\/219"}],"wp:featuredmedia":[{"embeddable":true,"href":"https:\/\/blog.uclm.es\/grupo-compublic\/wp-json\/wp\/v2\/media\/216"}],"wp:attachment":[{"href":"https:\/\/blog.uclm.es\/grupo-compublic\/wp-json\/wp\/v2\/media?parent=215"}],"wp:term":[{"taxonomy":"category","embeddable":true,"href":"https:\/\/blog.uclm.es\/grupo-compublic\/wp-json\/wp\/v2\/categories?post=215"},{"taxonomy":"post_tag","embeddable":true,"href":"https:\/\/blog.uclm.es\/grupo-compublic\/wp-json\/wp\/v2\/tags?post=215"}],"curies":[{"name":"wp","href":"https:\/\/api.w.org\/{rel}","templated":true}]}}