{"id":172,"date":"2015-02-04T10:17:14","date_gmt":"2015-02-04T09:17:14","guid":{"rendered":"http:\/\/blog.uclm.es\/fernandocarrillo\/?p=172"},"modified":"2015-02-04T10:17:14","modified_gmt":"2015-02-04T09:17:14","slug":"por-si-eran-pocos","status":"publish","type":"post","link":"https:\/\/blog.uclm.es\/fernandocarrillo\/2015\/02\/04\/por-si-eran-pocos\/","title":{"rendered":"Por si eran pocos"},"content":{"rendered":"<p><a href=\"https:\/\/blog.uclm.es\/fernandocarrillo\/wp-content\/uploads\/sites\/91\/2015\/02\/vibrational-bond_1024.png\"><img loading=\"lazy\" decoding=\"async\" class=\"aligncenter size-medium wp-image-230\" src=\"https:\/\/blog.uclm.es\/fernandocarrillo\/wp-content\/uploads\/sites\/91\/2015\/02\/vibrational-bond_1024-300x199.png\" alt=\"vibrational-bond_1024\" width=\"300\" height=\"199\" srcset=\"https:\/\/blog.uclm.es\/fernandocarrillo\/wp-content\/uploads\/sites\/91\/2015\/02\/vibrational-bond_1024-300x199.png 300w, https:\/\/blog.uclm.es\/fernandocarrillo\/wp-content\/uploads\/sites\/91\/2015\/02\/vibrational-bond_1024.png 640w\" sizes=\"auto, (max-width: 300px) 100vw, 300px\" \/><\/a>Despu\u00e9s de intentar diferenciar con claridad los tipos tradicionales de enlace, covalente, i\u00f3nico y met\u00e1lico, aprendemos que tenemos que tener en cuenta, adem\u00e1s, las importantes fuerzas de enlace intermoleculares, tipo Van der Waals, o los enlaces de hidr\u00f3geno. Pues ahora tendremos que a\u00f1adir un tipo m\u00e1s: el vibracional. Recientemente, un equipo internacional <a title=\"vibracional\" href=\"http:\/\/onlinelibrary.wiley.com\/doi\/10.1002\/anie.201408211\/abstract;jsessionid=2AD1731A4323C4052B4A4210398115B0.f01t04\" target=\"_blank\" rel=\"noopener\">ha demostrado la posibilidad de un enlace de este tipo en el sistema BrMuBr<\/a>, donde Mu es el s\u00edmbolo del muonio, un is\u00f3topo ligero del hidr\u00f3geno, formado por un antimuon y un electr\u00f3n. El antimuon es la antipart\u00edcula del muon, es decir la forma positiva del muon que, a su vez, es una part\u00edcula elemental similar al electr\u00f3n en carga, pero mucho m\u00e1s pesada, cercana al prot\u00f3n.<\/p>\n<p>En este nuevo tipo de enlace, el muonio est\u00e1 \u00absaltando\u00bb de un bromo al otro, lo que permite compensar el aumento de energ\u00eda potencial, que estar\u00eda en contra de la formaci\u00f3n del enlace.<\/p>\n","protected":false},"excerpt":{"rendered":"<p>Despu\u00e9s de intentar diferenciar con claridad los tipos tradicionales de enlace, covalente, i\u00f3nico y met\u00e1lico, aprendemos que tenemos que tener en cuenta, adem\u00e1s, las importantes fuerzas de enlace intermoleculares, tipo Van der Waals, o los enlaces de hidr\u00f3geno. Pues ahora tendremos que a\u00f1adir un tipo m\u00e1s: el vibracional. Recientemente, un equipo internacional ha demostrado la [&hellip;]<\/p>\n","protected":false},"author":58,"featured_media":0,"comment_status":"closed","ping_status":"open","sticky":false,"template":"","format":"standard","meta":{"footnotes":""},"categories":[7],"tags":[50],"class_list":["post-172","post","type-post","status-publish","format-standard","hentry","category-la-quimica","tag-rarezas"],"_links":{"self":[{"href":"https:\/\/blog.uclm.es\/fernandocarrillo\/wp-json\/wp\/v2\/posts\/172","targetHints":{"allow":["GET"]}}],"collection":[{"href":"https:\/\/blog.uclm.es\/fernandocarrillo\/wp-json\/wp\/v2\/posts"}],"about":[{"href":"https:\/\/blog.uclm.es\/fernandocarrillo\/wp-json\/wp\/v2\/types\/post"}],"author":[{"embeddable":true,"href":"https:\/\/blog.uclm.es\/fernandocarrillo\/wp-json\/wp\/v2\/users\/58"}],"replies":[{"embeddable":true,"href":"https:\/\/blog.uclm.es\/fernandocarrillo\/wp-json\/wp\/v2\/comments?post=172"}],"version-history":[{"count":0,"href":"https:\/\/blog.uclm.es\/fernandocarrillo\/wp-json\/wp\/v2\/posts\/172\/revisions"}],"wp:attachment":[{"href":"https:\/\/blog.uclm.es\/fernandocarrillo\/wp-json\/wp\/v2\/media?parent=172"}],"wp:term":[{"taxonomy":"category","embeddable":true,"href":"https:\/\/blog.uclm.es\/fernandocarrillo\/wp-json\/wp\/v2\/categories?post=172"},{"taxonomy":"post_tag","embeddable":true,"href":"https:\/\/blog.uclm.es\/fernandocarrillo\/wp-json\/wp\/v2\/tags?post=172"}],"curies":[{"name":"wp","href":"https:\/\/api.w.org\/{rel}","templated":true}]}}