{"id":1185,"date":"2026-04-21T20:05:41","date_gmt":"2026-04-21T18:05:41","guid":{"rendered":"https:\/\/blog.uclm.es\/familynex\/?p=1185"},"modified":"2026-04-21T20:05:41","modified_gmt":"2026-04-21T18:05:41","slug":"table-ronde-autour-de-louvrage-de-cosme-j-gomez-carrasco-et-pablo-hernandez-sau-voces-negras-conspiracion-cooperacion-y-resistencias-en-la-luisiana-revolucionaria","status":"publish","type":"post","link":"https:\/\/blog.uclm.es\/familynex\/2026\/04\/21\/table-ronde-autour-de-louvrage-de-cosme-j-gomez-carrasco-et-pablo-hernandez-sau-voces-negras-conspiracion-cooperacion-y-resistencias-en-la-luisiana-revolucionaria\/","title":{"rendered":"Table ronde autour de l\u2019ouvrage de Cosme J. G\u00f3mez Carrasco et Pablo Hern\u00e1ndez Sau VOCES NEGRAS. CONSPIRACI\u00d3N, COOPERACI\u00d3N Y RESISTENCIAS EN LA LUISIANA REVOLUCIONARIA"},"content":{"rendered":"\n<div style=\"height:100px\" aria-hidden=\"true\" class=\"wp-block-spacer\"><\/div>\n\n\n\n<p>Table ronde autour de l\u2019ouvrage de Cosme J. G\u00f3mez Carrasco et Pablo Hern\u00e1ndez Sau <\/p>\n\n\n\n<p>Voces negras. Conspiraci\u00f3n, cooperaci\u00f3n y resistencias en la Luisiana revolucionaria (Gij\u00f3n,\u00a0Ediciones\u00a0Trea,\u00a02026)\u00a0<\/p>\n\n\n\n<p>Mercredi 13 mai 2026 de 14h30 \u00e0 18h<\/p>\n\n\n\n<p>L\u2019apr\u00e8s\u2010midi\u00a0commencera\u00a0par\u00a0une\u00a0pr\u00e9sentation\u00a0du\u00a0livre\u00a0par\u00a0les\u00a0deux\u00a0auteurs.\u00a0Elle\u00a0sera\u00a0suivie\u00a0d\u2019une\u00a0s\u00e9rie\u00a0d\u2019interventions\u00a0autour\u00a0de\u00a0l\u2019utilisation\u00a0des\u00a0sources\u00a0judiciaires\u00a0pour\u00a0la\u00a0restitution\u00a0des\u00a0voix\u00a0des\u00a0personnes\u00a0r\u00e9duites\u00a0en\u00a0esclavage\u00a0et,\u00a0plus\u00a0g\u00e9n\u00e9ralement,\u00a0du\u00a0peuple\u00a0\u00e0\u00a0l\u2019\u00e9poque\u00a0moderne\u00a0que\u00a0ce\u00a0soit\u00a0dans\u00a0les\u00a0colonies\u00a0ou\u00a0dans\u00a0les\u00a0m\u00e9tropoles.\u00a0L\u2019ouvrage\u00a0est\u00a0centr\u00e9\u00a0sur\u00a0l\u2019\u00e2ge\u00a0des\u00a0R\u00e9volutions\u00a0mais\u00a0la\u00a0discussion\u00a0abordera,\u00a0dans\u00a0une\u00a0perspective\u00a0d\u2019histoire\u00a0compar\u00e9e,\u00a0diff\u00e9rents\u00a0contextes\u00a0spatiaux\u00a0et\u00a0temporels,\u00a0en\u00a0particulier\u00a0la\u00a0Louisiane\u00a0sous\u00a0le\u00a0r\u00e9gime\u00a0fran\u00e7ais,\u00a0l\u2019Am\u00e9rique\u00a0n\u00e9erlandaise\u00a0et\u00a0anglaise\u00a0des\u00a017e\u00a0et\u00a018e\u00a0si\u00e8cles\u00a0ainsi\u00a0que\u00a0la\u00a0France\u00a0des\u00a016e\u00a0et\u00a017e\u00a0si\u00e8cles.\u00a0La\u00a0table\u00a0ronde\u00a0se\u00a0veut\u00a0donc\u00a0un\u00a0\u00e9change\u00a0autour\u00a0des\u00a0pratiques\u00a0de\u00a0lecture\u00a0des\u00a0sources\u00a0judiciaires,\u00a0de\u00a0leurs\u00a0limites\u00a0et\u00a0des\u00a0mani\u00e8res\u00a0de\u00a0les\u00a0d\u00e9passer.<\/p>\n\n\n\n<p>Virginie\u00a0Adane,\u00a0ma\u00eetresse\u00a0de\u00a0conf\u00e9rences\u00a0\u00e0\u00a0l\u2019Universit\u00e9\u00a0de\u00a0Nantes\u00a0;\u00a0<\/p>\n\n\n\n<p>Soizic\u00a0Croguennec,\u00a0ma\u00eetresse\u00a0de\u00a0conf\u00e9rences\u00a0\u00e0\u00a0l\u2019Universit\u00e9\u00a0de\u00a0Caen\u00a0;\u00a0<\/p>\n\n\n\n<p>Diane\u00a0Roussel,\u00a0ma\u00eetresse\u00a0de\u00a0conf\u00e9rences\u00a0\u00e0\u00a0l\u2019Universit\u00e9\u00a0Gustave\u00a0Eiffel\u00a0;\u00a0<\/p>\n\n\n\n<p>C\u00e9cile\u00a0Vidal,\u00a0directrice\u00a0d\u2019\u00e9tudes\u00a0\u00e0\u00a0l\u2019EHESS\u00a0(\u00c9cole\u00a0des\u00a0Hautes\u00a0\u00c9tudes\u00a0en\u00a0Sciences\u00a0Sociales).<\/p>\n\n\n\n<p>Pour\u00a0assister\u00a0\u00e0\u00a0cette\u00a0journ\u00e9e,\u00a0merci\u00a0de\u00a0prendre\u00a0contact\u00a0avec\u00a0Fran\u00e7ois\u2010Joseph\u00a0Ruggiu\u00a0:\u00a0francois\u2010joseph.ruggiu@sorbonne\u2010universite.fr\u00a0<\/p>\n\n\n\n<p><a href=\"https:\/\/blog.uclm.es\/familynex\/wp-content\/uploads\/sites\/330\/2026\/04\/Table_ronde.pdf\">Table_ronde.pdf<\/a><\/p>\n\n\n\n<div style=\"height:100px\" aria-hidden=\"true\" class=\"wp-block-spacer\"><\/div>\n","protected":false},"excerpt":{"rendered":"<p>Table ronde autour de l\u2019ouvrage de Cosme J. G\u00f3mez Carrasco et Pablo Hern\u00e1ndez Sau Voces negras. Conspiraci\u00f3n, cooperaci\u00f3n y resistencias en la Luisiana revolucionaria (Gij\u00f3n,\u00a0Ediciones\u00a0Trea,\u00a02026).  Mercredi 13 mai 2026 de 14h30 \u00e0 18h. Colegio de Espa\u00f1a, Par\u00eds (France).<\/p>\n","protected":false},"author":242,"featured_media":1187,"comment_status":"closed","ping_status":"open","sticky":false,"template":"","format":"standard","meta":{"footnotes":""},"categories":[23],"tags":[],"class_list":["post-1185","post","type-post","status-publish","format-standard","has-post-thumbnail","hentry","category-congresos-seminarios-jornadas"],"_links":{"self":[{"href":"https:\/\/blog.uclm.es\/familynex\/wp-json\/wp\/v2\/posts\/1185","targetHints":{"allow":["GET"]}}],"collection":[{"href":"https:\/\/blog.uclm.es\/familynex\/wp-json\/wp\/v2\/posts"}],"about":[{"href":"https:\/\/blog.uclm.es\/familynex\/wp-json\/wp\/v2\/types\/post"}],"author":[{"embeddable":true,"href":"https:\/\/blog.uclm.es\/familynex\/wp-json\/wp\/v2\/users\/242"}],"replies":[{"embeddable":true,"href":"https:\/\/blog.uclm.es\/familynex\/wp-json\/wp\/v2\/comments?post=1185"}],"version-history":[{"count":1,"href":"https:\/\/blog.uclm.es\/familynex\/wp-json\/wp\/v2\/posts\/1185\/revisions"}],"predecessor-version":[{"id":1188,"href":"https:\/\/blog.uclm.es\/familynex\/wp-json\/wp\/v2\/posts\/1185\/revisions\/1188"}],"wp:featuredmedia":[{"embeddable":true,"href":"https:\/\/blog.uclm.es\/familynex\/wp-json\/wp\/v2\/media\/1187"}],"wp:attachment":[{"href":"https:\/\/blog.uclm.es\/familynex\/wp-json\/wp\/v2\/media?parent=1185"}],"wp:term":[{"taxonomy":"category","embeddable":true,"href":"https:\/\/blog.uclm.es\/familynex\/wp-json\/wp\/v2\/categories?post=1185"},{"taxonomy":"post_tag","embeddable":true,"href":"https:\/\/blog.uclm.es\/familynex\/wp-json\/wp\/v2\/tags?post=1185"}],"curies":[{"name":"wp","href":"https:\/\/api.w.org\/{rel}","templated":true}]}}