{"id":1164,"date":"2026-04-21T18:45:18","date_gmt":"2026-04-21T16:45:18","guid":{"rendered":"https:\/\/blog.uclm.es\/familynex\/?p=1164"},"modified":"2026-04-21T18:45:18","modified_gmt":"2026-04-21T16:45:18","slug":"publicacion-del-dossier-de-pobres-y-vulnerables-historias-de-carencias-e-incertidumbres-en-la-peninsula-iberica-siglos-xvi-xix","status":"publish","type":"post","link":"https:\/\/blog.uclm.es\/familynex\/2026\/04\/21\/publicacion-del-dossier-de-pobres-y-vulnerables-historias-de-carencias-e-incertidumbres-en-la-peninsula-iberica-siglos-xvi-xix\/","title":{"rendered":"Publicaci\u00f3n del dossier DE POBRES Y VULNERABLES. HISTORIAS DE CARENCIAS E INCERTIDUMBRES EN LA PEN\u00cdNSULA IB\u00c9RICA, SIGLOS XVI-XIX"},"content":{"rendered":"\n<div style=\"height:100px\" aria-hidden=\"true\" class=\"wp-block-spacer\"><\/div>\n\n\n\n<p>Publicaci\u00f3n del dossier \u201cDe pobres y vulnerables. Historias de carencias e incertidumbres en la Pen\u00ednsula Ib\u00e9rica, siglos XVI-XIX\u201d, Historia Regional, n\u00fam. 58 (2026), coordinado por Mikel Larrinaga Ortiz (Universidad del Pa\u00eds Vasco) y Francisco Hidalgo Fern\u00e1ndez (Universidad de M\u00e1laga) (<a href=\"http:\/\/id.caicyt.gov.ar\/ark:\/s24690732\/v3y6a7fnv\">http:\/\/id.caicyt.gov.ar\/ark:\/s24690732\/v3y6a7fnv<\/a>)<\/p>\n\n\n\n<p>Art\u00edculos incluidos:<\/p>\n\n\n\n<p><a href=\"https:\/\/historiaregional.org\/ojs\/index.php\/historiaregional\/article\/view\/1133\">Presentaci\u00f3n al dossier: De pobres y vulnerables: historias de carencias e incertidumbres en la pen\u00ednsula ib\u00e9rica, siglos XVI-XIX<\/a><\/p>\n\n\n\n<p>Mikel Larrinaga Ortiz, Francisco Hidalgo Fern\u00e1ndez<\/p>\n\n\n\n<p><a href=\"https:\/\/historiaregional.org\/ojs\/index.php\/historiaregional\/article\/view\/1132\">Redes de confianza del artesanado platero en el sureste espa\u00f1ol, siglos XVIII y XIX: padrinos y albaceas<\/a><\/p>\n\n\n\n<p>Francisco Hidalgo Fern\u00e1ndez<\/p>\n\n\n\n<p><a href=\"https:\/\/historiaregional.org\/ojs\/index.php\/historiaregional\/article\/view\/1131\">Tripulaciones de la Real Armada espa\u00f1ola en el siglo XVIII. Pobreza e incertidumbre salarial<\/a><\/p>\n\n\n\n<p>Jes\u00fas Manuel Gonz\u00e1lez Beltr\u00e1n<\/p>\n\n\n\n<p><a href=\"https:\/\/historiaregional.org\/ojs\/index.php\/historiaregional\/article\/view\/1129\">\u201cA fin de que se eduquen y no padezcan necesidad\u201d. Infancia en la Casa de la Doctrina de Pamplona (1792-1798)<\/a><\/p>\n\n\n\n<p>Mikel Larrinaga Ortiz<\/p>\n\n\n\n<p><a href=\"https:\/\/historiaregional.org\/ojs\/index.php\/historiaregional\/article\/view\/1140\">Las ni\u00f1as y doncellas de los cien lugares. Trayectos de vulnerabilidad entre las asistidas en la Casa de Misericordia de Barcelona (c. 1683-1745)<\/a><\/p>\n\n\n\n<p>Mariela Fargas Pe\u00f1arrocha<\/p>\n\n\n\n<p><a href=\"https:\/\/historiaregional.org\/ojs\/index.php\/historiaregional\/article\/view\/1141\">El Colegio de San Ildefonso de Madrid: un an\u00e1lisis de los expedientes de entrada de los doctrinos (1664-1800)<\/a><\/p>\n\n\n\n<p>Jes\u00fas Agua de la Roza<\/p>\n\n\n\n<p><a href=\"https:\/\/historiaregional.org\/ojs\/index.php\/historiaregional\/article\/view\/1147\">La ayuda a los pobres en el Portugal de los Habsburgo: las Misericordias<\/a><\/p>\n\n\n\n<p>Maria Marta Lobo de Ara\u00fajo<\/p>\n","protected":false},"excerpt":{"rendered":"<p>Dossier \u201cDe pobres y vulnerables. Historias de carencias e incertidumbres en la Pen\u00ednsula Ib\u00e9rica, siglos XVI-XIX\u201d, en Historia Regional, n\u00fam. 58 (2026), coordinado por Mikel Larrinaga Ortiz (Universidad del Pa\u00eds Vasco) y Francisco Hidalgo Fern\u00e1ndez (Universidad de M\u00e1laga) <\/p>\n","protected":false},"author":242,"featured_media":1165,"comment_status":"closed","ping_status":"open","sticky":false,"template":"","format":"standard","meta":{"footnotes":""},"categories":[31],"tags":[],"class_list":["post-1164","post","type-post","status-publish","format-standard","has-post-thumbnail","hentry","category-publicaciones"],"_links":{"self":[{"href":"https:\/\/blog.uclm.es\/familynex\/wp-json\/wp\/v2\/posts\/1164","targetHints":{"allow":["GET"]}}],"collection":[{"href":"https:\/\/blog.uclm.es\/familynex\/wp-json\/wp\/v2\/posts"}],"about":[{"href":"https:\/\/blog.uclm.es\/familynex\/wp-json\/wp\/v2\/types\/post"}],"author":[{"embeddable":true,"href":"https:\/\/blog.uclm.es\/familynex\/wp-json\/wp\/v2\/users\/242"}],"replies":[{"embeddable":true,"href":"https:\/\/blog.uclm.es\/familynex\/wp-json\/wp\/v2\/comments?post=1164"}],"version-history":[{"count":1,"href":"https:\/\/blog.uclm.es\/familynex\/wp-json\/wp\/v2\/posts\/1164\/revisions"}],"predecessor-version":[{"id":1166,"href":"https:\/\/blog.uclm.es\/familynex\/wp-json\/wp\/v2\/posts\/1164\/revisions\/1166"}],"wp:featuredmedia":[{"embeddable":true,"href":"https:\/\/blog.uclm.es\/familynex\/wp-json\/wp\/v2\/media\/1165"}],"wp:attachment":[{"href":"https:\/\/blog.uclm.es\/familynex\/wp-json\/wp\/v2\/media?parent=1164"}],"wp:term":[{"taxonomy":"category","embeddable":true,"href":"https:\/\/blog.uclm.es\/familynex\/wp-json\/wp\/v2\/categories?post=1164"},{"taxonomy":"post_tag","embeddable":true,"href":"https:\/\/blog.uclm.es\/familynex\/wp-json\/wp\/v2\/tags?post=1164"}],"curies":[{"name":"wp","href":"https:\/\/api.w.org\/{rel}","templated":true}]}}