{"id":624,"date":"2024-03-20T18:00:24","date_gmt":"2024-03-20T17:00:24","guid":{"rendered":"https:\/\/blog.uclm.es\/estudiantescr\/?p=624"},"modified":"2024-08-19T00:31:22","modified_gmt":"2024-08-18T22:31:22","slug":"kick-off-de-la-alianza-colours-universidad-de-paderborn-alemania-17-20-marzo-de-2024","status":"publish","type":"post","link":"https:\/\/blog.uclm.es\/estudiantescr\/2024\/03\/20\/kick-off-de-la-alianza-colours-universidad-de-paderborn-alemania-17-20-marzo-de-2024\/","title":{"rendered":"KICK-OFF DE LA ALIANZA COLOURS &#8211; UNIVERSIDAD DE PADERBORN (ALEMANIA)"},"content":{"rendered":"\n<p class=\"has-contrast-color has-text-color has-link-color has-roboto-font-family wp-elements-0c379c05093872f1ce842c12dc28d3a6\" style=\"font-size:17px;font-style:normal;font-weight:500;line-height:1.4;text-transform:none\">Nuestro delegado del Campus y nuestro secretario de la Delegaci\u00f3n han viajado representando al CRE-UCLM junto con una Delegaci\u00f3n de nuestra Universidad, la UCLM, encabezada por nuestro Vicerrector de Internacionalizaci\u00f3n, directores acad\u00e9micos y dem\u00e1s personal de nuestra Universidad a la ciudad alemana de Paderborn en la Universidad de Paderborn para el kick-off de Alianza Colours.<\/p>\n\n\n\n<div class=\"wp-block-columns is-layout-flex wp-container-core-columns-is-layout-9d6595d7 wp-block-columns-is-layout-flex\">\n<div class=\"wp-block-column is-layout-flow wp-block-column-is-layout-flow\">\n<p class=\"has-contrast-color has-text-color has-link-color has-roboto-font-family wp-elements-fdf8b27a93f36b7448d3185d5e79ce8a\" style=\"font-size:17px;font-style:normal;font-weight:500;line-height:1.4;text-transform:none\">En lo que respecta al estudiantado, se ha puesto en marcha el Student Forum de de la Alianza Colours, el principal \u00f3rgano de la representaci\u00f3n estudiantil de esta Alianza en el que trabajaremos muy duro en los pr\u00f3ximos meses y a\u00f1os desde el CRE-UCLM representando al estudiantado de nuestra Universidad y al de Espa\u00f1a para poder conseguir el objetivo tan necesario e importante de crear una Universidad Europea y poder aumentar las posibilidades de Movilidad International y calidad acad\u00e9mica del estudiantado.<\/p>\n\n\n\n<p class=\"has-contrast-color has-text-color has-link-color has-roboto-font-family wp-elements-e8cde7db610d0e5ac0a9d15faab03018\" style=\"font-size:17px;font-style:normal;font-weight:500;line-height:1.4;text-transform:none\">Queremos agradecer finalmente al CRE-UCLM y al Vicerrectorado de Internacionalizaci\u00f3n la oportunidad de poder formar parte de este viaje tan importante para la UCLM y Espa\u00f1a.<\/p>\n<\/div>\n<\/div>\n\n\n\n<div class=\"wp-block-columns is-layout-flex wp-container-core-columns-is-layout-9d6595d7 wp-block-columns-is-layout-flex\">\n<div class=\"wp-block-column is-layout-flow wp-block-column-is-layout-flow\">\n<figure class=\"wp-block-image size-large\"><img loading=\"lazy\" decoding=\"async\" width=\"1024\" height=\"1024\" src=\"https:\/\/blog.uclm.es\/estudiantescr\/wp-content\/uploads\/sites\/285\/2024\/08\/1-5-1024x1024.png\" alt=\"\" class=\"wp-image-1217\" srcset=\"https:\/\/blog.uclm.es\/estudiantescr\/wp-content\/uploads\/sites\/285\/2024\/08\/1-5-1024x1024.png 1024w, https:\/\/blog.uclm.es\/estudiantescr\/wp-content\/uploads\/sites\/285\/2024\/08\/1-5-300x300.png 300w, https:\/\/blog.uclm.es\/estudiantescr\/wp-content\/uploads\/sites\/285\/2024\/08\/1-5-150x150.png 150w, https:\/\/blog.uclm.es\/estudiantescr\/wp-content\/uploads\/sites\/285\/2024\/08\/1-5-768x768.png 768w, https:\/\/blog.uclm.es\/estudiantescr\/wp-content\/uploads\/sites\/285\/2024\/08\/1-5-100x100.png 100w, https:\/\/blog.uclm.es\/estudiantescr\/wp-content\/uploads\/sites\/285\/2024\/08\/1-5.png 1080w\" sizes=\"auto, (max-width: 767px) 89vw, (max-width: 1000px) 54vw, (max-width: 1071px) 543px, 580px\" \/><\/figure>\n<\/div>\n\n\n\n<div class=\"wp-block-column is-layout-flow wp-block-column-is-layout-flow\">\n<figure class=\"wp-block-image size-large\"><img loading=\"lazy\" decoding=\"async\" width=\"1024\" height=\"1024\" src=\"https:\/\/blog.uclm.es\/estudiantescr\/wp-content\/uploads\/sites\/285\/2024\/08\/2-14-1024x1024.png\" alt=\"\" class=\"wp-image-1329\" srcset=\"https:\/\/blog.uclm.es\/estudiantescr\/wp-content\/uploads\/sites\/285\/2024\/08\/2-14-1024x1024.png 1024w, https:\/\/blog.uclm.es\/estudiantescr\/wp-content\/uploads\/sites\/285\/2024\/08\/2-14-300x300.png 300w, https:\/\/blog.uclm.es\/estudiantescr\/wp-content\/uploads\/sites\/285\/2024\/08\/2-14-150x150.png 150w, https:\/\/blog.uclm.es\/estudiantescr\/wp-content\/uploads\/sites\/285\/2024\/08\/2-14-768x768.png 768w, https:\/\/blog.uclm.es\/estudiantescr\/wp-content\/uploads\/sites\/285\/2024\/08\/2-14-100x100.png 100w, https:\/\/blog.uclm.es\/estudiantescr\/wp-content\/uploads\/sites\/285\/2024\/08\/2-14.png 1080w\" sizes=\"auto, (max-width: 767px) 89vw, (max-width: 1000px) 54vw, (max-width: 1071px) 543px, 580px\" \/><\/figure>\n<\/div>\n<\/div>\n\n\n\n<div class=\"wp-block-columns is-layout-flex wp-container-core-columns-is-layout-9d6595d7 wp-block-columns-is-layout-flex\">\n<div class=\"wp-block-column is-layout-flow wp-block-column-is-layout-flow\">\n<figure class=\"wp-block-image size-large\"><img loading=\"lazy\" decoding=\"async\" width=\"1024\" height=\"1024\" src=\"https:\/\/blog.uclm.es\/estudiantescr\/wp-content\/uploads\/sites\/285\/2024\/08\/3-16-1024x1024.png\" alt=\"\" class=\"wp-image-1330\" srcset=\"https:\/\/blog.uclm.es\/estudiantescr\/wp-content\/uploads\/sites\/285\/2024\/08\/3-16-1024x1024.png 1024w, https:\/\/blog.uclm.es\/estudiantescr\/wp-content\/uploads\/sites\/285\/2024\/08\/3-16-300x300.png 300w, https:\/\/blog.uclm.es\/estudiantescr\/wp-content\/uploads\/sites\/285\/2024\/08\/3-16-150x150.png 150w, https:\/\/blog.uclm.es\/estudiantescr\/wp-content\/uploads\/sites\/285\/2024\/08\/3-16-768x768.png 768w, https:\/\/blog.uclm.es\/estudiantescr\/wp-content\/uploads\/sites\/285\/2024\/08\/3-16-100x100.png 100w, https:\/\/blog.uclm.es\/estudiantescr\/wp-content\/uploads\/sites\/285\/2024\/08\/3-16.png 1080w\" sizes=\"auto, (max-width: 767px) 89vw, (max-width: 1000px) 54vw, (max-width: 1071px) 543px, 580px\" \/><\/figure>\n<\/div>\n\n\n\n<div class=\"wp-block-column is-layout-flow wp-block-column-is-layout-flow\">\n<figure class=\"wp-block-image size-large\"><img loading=\"lazy\" decoding=\"async\" width=\"1024\" height=\"1024\" src=\"https:\/\/blog.uclm.es\/estudiantescr\/wp-content\/uploads\/sites\/285\/2024\/08\/4-14-1024x1024.png\" alt=\"\" class=\"wp-image-1331\" srcset=\"https:\/\/blog.uclm.es\/estudiantescr\/wp-content\/uploads\/sites\/285\/2024\/08\/4-14-1024x1024.png 1024w, https:\/\/blog.uclm.es\/estudiantescr\/wp-content\/uploads\/sites\/285\/2024\/08\/4-14-300x300.png 300w, https:\/\/blog.uclm.es\/estudiantescr\/wp-content\/uploads\/sites\/285\/2024\/08\/4-14-150x150.png 150w, https:\/\/blog.uclm.es\/estudiantescr\/wp-content\/uploads\/sites\/285\/2024\/08\/4-14-768x768.png 768w, https:\/\/blog.uclm.es\/estudiantescr\/wp-content\/uploads\/sites\/285\/2024\/08\/4-14-100x100.png 100w, https:\/\/blog.uclm.es\/estudiantescr\/wp-content\/uploads\/sites\/285\/2024\/08\/4-14.png 1080w\" sizes=\"auto, (max-width: 767px) 89vw, (max-width: 1000px) 54vw, (max-width: 1071px) 543px, 580px\" \/><\/figure>\n<\/div>\n<\/div>\n\n\n\n<div class=\"wp-block-columns is-layout-flex wp-container-core-columns-is-layout-9d6595d7 wp-block-columns-is-layout-flex\">\n<div class=\"wp-block-column is-layout-flow wp-block-column-is-layout-flow\">\n<figure class=\"wp-block-image size-large\"><img loading=\"lazy\" decoding=\"async\" width=\"1024\" height=\"1024\" src=\"https:\/\/blog.uclm.es\/estudiantescr\/wp-content\/uploads\/sites\/285\/2024\/08\/5-7-1024x1024.png\" alt=\"\" class=\"wp-image-1332\" srcset=\"https:\/\/blog.uclm.es\/estudiantescr\/wp-content\/uploads\/sites\/285\/2024\/08\/5-7-1024x1024.png 1024w, https:\/\/blog.uclm.es\/estudiantescr\/wp-content\/uploads\/sites\/285\/2024\/08\/5-7-300x300.png 300w, https:\/\/blog.uclm.es\/estudiantescr\/wp-content\/uploads\/sites\/285\/2024\/08\/5-7-150x150.png 150w, https:\/\/blog.uclm.es\/estudiantescr\/wp-content\/uploads\/sites\/285\/2024\/08\/5-7-768x768.png 768w, https:\/\/blog.uclm.es\/estudiantescr\/wp-content\/uploads\/sites\/285\/2024\/08\/5-7-100x100.png 100w, https:\/\/blog.uclm.es\/estudiantescr\/wp-content\/uploads\/sites\/285\/2024\/08\/5-7.png 1080w\" sizes=\"auto, (max-width: 767px) 89vw, (max-width: 1000px) 54vw, (max-width: 1071px) 543px, 580px\" \/><\/figure>\n<\/div>\n\n\n\n<div class=\"wp-block-column is-layout-flow wp-block-column-is-layout-flow\">\n<figure class=\"wp-block-image size-large\"><img loading=\"lazy\" decoding=\"async\" width=\"1024\" height=\"1024\" src=\"https:\/\/blog.uclm.es\/estudiantescr\/wp-content\/uploads\/sites\/285\/2024\/08\/6-5-1024x1024.png\" alt=\"\" class=\"wp-image-1333\" srcset=\"https:\/\/blog.uclm.es\/estudiantescr\/wp-content\/uploads\/sites\/285\/2024\/08\/6-5-1024x1024.png 1024w, https:\/\/blog.uclm.es\/estudiantescr\/wp-content\/uploads\/sites\/285\/2024\/08\/6-5-300x300.png 300w, https:\/\/blog.uclm.es\/estudiantescr\/wp-content\/uploads\/sites\/285\/2024\/08\/6-5-150x150.png 150w, https:\/\/blog.uclm.es\/estudiantescr\/wp-content\/uploads\/sites\/285\/2024\/08\/6-5-768x768.png 768w, https:\/\/blog.uclm.es\/estudiantescr\/wp-content\/uploads\/sites\/285\/2024\/08\/6-5-100x100.png 100w, https:\/\/blog.uclm.es\/estudiantescr\/wp-content\/uploads\/sites\/285\/2024\/08\/6-5.png 1080w\" sizes=\"auto, (max-width: 767px) 89vw, (max-width: 1000px) 54vw, (max-width: 1071px) 543px, 580px\" \/><\/figure>\n<\/div>\n<\/div>\n","protected":false},"excerpt":{"rendered":"<p>Nuestro delegado del Campus y nuestro secretario de la Delegaci\u00f3n han viajado representando al CRE-UCLM junto con una Delegaci\u00f3n de nuestra Universidad, la UCLM, encabezada por nuestro Vicerrector de Internacionalizaci\u00f3n, directores acad\u00e9micos y dem\u00e1s personal de nuestra Universidad a la ciudad alemana de Paderborn en la Universidad de Paderborn para el kick-off de Alianza Colours. &hellip; <\/p>\n<p class=\"link-more\"><a href=\"https:\/\/blog.uclm.es\/estudiantescr\/2024\/03\/20\/kick-off-de-la-alianza-colours-universidad-de-paderborn-alemania-17-20-marzo-de-2024\/\" class=\"more-link\">Continuar leyendo<span class=\"screen-reader-text\"> \u00abKICK-OFF DE LA ALIANZA COLOURS &#8211; UNIVERSIDAD DE PADERBORN (ALEMANIA)\u00bb<\/span><\/a><\/p>\n","protected":false},"author":470,"featured_media":0,"comment_status":"closed","ping_status":"open","sticky":false,"template":"single-with-sidebar","format":"standard","meta":{"footnotes":""},"categories":[1],"tags":[],"class_list":["post-624","post","type-post","status-publish","format-standard","hentry","category-sin-categoria"],"_links":{"self":[{"href":"https:\/\/blog.uclm.es\/estudiantescr\/wp-json\/wp\/v2\/posts\/624","targetHints":{"allow":["GET"]}}],"collection":[{"href":"https:\/\/blog.uclm.es\/estudiantescr\/wp-json\/wp\/v2\/posts"}],"about":[{"href":"https:\/\/blog.uclm.es\/estudiantescr\/wp-json\/wp\/v2\/types\/post"}],"author":[{"embeddable":true,"href":"https:\/\/blog.uclm.es\/estudiantescr\/wp-json\/wp\/v2\/users\/470"}],"replies":[{"embeddable":true,"href":"https:\/\/blog.uclm.es\/estudiantescr\/wp-json\/wp\/v2\/comments?post=624"}],"version-history":[{"count":6,"href":"https:\/\/blog.uclm.es\/estudiantescr\/wp-json\/wp\/v2\/posts\/624\/revisions"}],"predecessor-version":[{"id":1335,"href":"https:\/\/blog.uclm.es\/estudiantescr\/wp-json\/wp\/v2\/posts\/624\/revisions\/1335"}],"wp:attachment":[{"href":"https:\/\/blog.uclm.es\/estudiantescr\/wp-json\/wp\/v2\/media?parent=624"}],"wp:term":[{"taxonomy":"category","embeddable":true,"href":"https:\/\/blog.uclm.es\/estudiantescr\/wp-json\/wp\/v2\/categories?post=624"},{"taxonomy":"post_tag","embeddable":true,"href":"https:\/\/blog.uclm.es\/estudiantescr\/wp-json\/wp\/v2\/tags?post=624"}],"curies":[{"name":"wp","href":"https:\/\/api.w.org\/{rel}","templated":true}]}}