{"id":19592,"date":"2025-11-11T11:26:30","date_gmt":"2025-11-11T11:26:30","guid":{"rendered":"https:\/\/blog.uclm.es\/escueladetraductores\/?p=19592"},"modified":"2025-11-17T08:33:25","modified_gmt":"2025-11-17T08:33:25","slug":"ciclo-mujeres-en-la-literatura-picaresca-2","status":"publish","type":"post","link":"https:\/\/blog.uclm.es\/escueladetraductores\/2025\/11\/11\/ciclo-mujeres-en-la-literatura-picaresca-2\/","title":{"rendered":"Ciclo \u00abMujeres en la literatura picaresca\u00bb \u2013 segunda conferencia"},"content":{"rendered":"\n<h3 class=\"wp-block-heading\">Conferencia de Darina Martyk\u00e1nov\u00e1:&nbsp;<em>Mujeres y literatura en el Imperio Otomano<\/em><\/h3>\n\n\n\n<p>20 de noviembre a las 18:00<\/p>\n\n\n\n<figure class=\"wp-block-image size-large\"><img loading=\"lazy\" decoding=\"async\" width=\"724\" height=\"1024\" src=\"https:\/\/blog.uclm.es\/escueladetraductores\/wp-content\/uploads\/sites\/203\/2025\/11\/cartel-darina-724x1024.png\" alt=\"\" class=\"wp-image-19593\" srcset=\"https:\/\/blog.uclm.es\/escueladetraductores\/wp-content\/uploads\/sites\/203\/2025\/11\/cartel-darina-724x1024.png 724w, https:\/\/blog.uclm.es\/escueladetraductores\/wp-content\/uploads\/sites\/203\/2025\/11\/cartel-darina-212x300.png 212w, https:\/\/blog.uclm.es\/escueladetraductores\/wp-content\/uploads\/sites\/203\/2025\/11\/cartel-darina-768x1086.png 768w, https:\/\/blog.uclm.es\/escueladetraductores\/wp-content\/uploads\/sites\/203\/2025\/11\/cartel-darina-1086x1536.png 1086w, https:\/\/blog.uclm.es\/escueladetraductores\/wp-content\/uploads\/sites\/203\/2025\/11\/cartel-darina-1448x2048.png 1448w, https:\/\/blog.uclm.es\/escueladetraductores\/wp-content\/uploads\/sites\/203\/2025\/11\/cartel-darina.png 1587w\" sizes=\"auto, (max-width: 724px) 100vw, 724px\" \/><\/figure>\n\n\n\n<p>La segunda conferencia del ciclo \u00abMujeres en la literatura picaresca desde una perspectiva universal\u00bb correr\u00e1 a cargo de Darina Martyk\u00e1nov\u00e1, profesora de la Universidad Aut\u00f3noma de Madrid.<\/p>\n\n\n\n<p>Lugar: Escuela de Traductores de Toledo, Pl. Santa Isabel 5<\/p>\n\n\n\n<p>Fecha: 20 de noviembre, 18:00<\/p>\n\n\n\n<p>Entrada libre hasta completar el aforo.<\/p>\n\n\n\n<p>La conferencia se podr\u00e1 seguir online a trav\u00e9s del enlace:<\/p>\n\n\n\n<p><a href=\"https:\/\/teams.microsoft.com\/l\/meetup-join\/19%3ameeting_MzBmNzQ1NTAtYjM3MC00NzZhLThjNjMtMzkzODhlZWM5OTkw%40thread.v2\/0?context=%7b%22Tid%22%3a%22c42cbae6-61f4-498c-9107-6a8cf5f01e56%22%2c%22Oid%22%3a%22c7a429cb-1f6d-4c57-b3d1-292ab8eefe4b%22%7d\">https:\/\/teams.microsoft.com\/l\/meetup-join\/19%3ameeting_MzBmNzQ1NTAtYjM3MC00NzZhLThjNjMtMzkzODhlZWM5OTkw%40thread.v2\/0?context=%7b%22Tid%22%3a%22c42cbae6-61f4-498c-9107-6a8cf5f01e56%22%2c%22Oid%22%3a%22c7a429cb-1f6d-4c57-b3d1-292ab8eefe4b%22%7d<\/a><\/p>\n\n\n\n<p>M\u00e1s informaci\u00f3n sobre el ciclo en nuestra web:&nbsp;<a href=\"https:\/\/shorturl.at\/ssjkY\">https:\/\/shorturl.at\/ssjkY<\/a><\/p>\n\n\n\n<p><\/p>\n","protected":false},"excerpt":{"rendered":"<p>Conferencia de Darina Martyk\u00e1nov\u00e1:&nbsp;Mujeres y literatura en el Imperio Otomano 20 de noviembre a las 18:00 La segunda conferencia del ciclo \u00abMujeres en la literatura picaresca desde una perspectiva universal\u00bb correr\u00e1 a cargo de Darina Martyk\u00e1nov\u00e1, profesora de la Universidad Aut\u00f3noma de Madrid. Lugar: Escuela de Traductores de Toledo, Pl. Santa Isabel 5 Fecha: 20 [&hellip;]<\/p>\n","protected":false},"author":549,"featured_media":0,"comment_status":"open","ping_status":"open","sticky":false,"template":"","format":"standard","meta":{"footnotes":""},"categories":[5,1],"tags":[50,49,54],"class_list":["post-19592","post","type-post","status-publish","format-standard","hentry","category-conferencias","category-sin-categoria","tag-historia-de-las-mujeres","tag-literatura-picaresca","tag-lliteratura-otomana"],"_links":{"self":[{"href":"https:\/\/blog.uclm.es\/escueladetraductores\/wp-json\/wp\/v2\/posts\/19592","targetHints":{"allow":["GET"]}}],"collection":[{"href":"https:\/\/blog.uclm.es\/escueladetraductores\/wp-json\/wp\/v2\/posts"}],"about":[{"href":"https:\/\/blog.uclm.es\/escueladetraductores\/wp-json\/wp\/v2\/types\/post"}],"author":[{"embeddable":true,"href":"https:\/\/blog.uclm.es\/escueladetraductores\/wp-json\/wp\/v2\/users\/549"}],"replies":[{"embeddable":true,"href":"https:\/\/blog.uclm.es\/escueladetraductores\/wp-json\/wp\/v2\/comments?post=19592"}],"version-history":[{"count":3,"href":"https:\/\/blog.uclm.es\/escueladetraductores\/wp-json\/wp\/v2\/posts\/19592\/revisions"}],"predecessor-version":[{"id":19614,"href":"https:\/\/blog.uclm.es\/escueladetraductores\/wp-json\/wp\/v2\/posts\/19592\/revisions\/19614"}],"wp:attachment":[{"href":"https:\/\/blog.uclm.es\/escueladetraductores\/wp-json\/wp\/v2\/media?parent=19592"}],"wp:term":[{"taxonomy":"category","embeddable":true,"href":"https:\/\/blog.uclm.es\/escueladetraductores\/wp-json\/wp\/v2\/categories?post=19592"},{"taxonomy":"post_tag","embeddable":true,"href":"https:\/\/blog.uclm.es\/escueladetraductores\/wp-json\/wp\/v2\/tags?post=19592"}],"curies":[{"name":"wp","href":"https:\/\/api.w.org\/{rel}","templated":true}]}}